{"id":10453,"__str__":"Indica\u00e7\u00e3o n\u00ba 878 de 2019","link_detail_backend":"/materia/10453","metadata":{},"numero":878,"ano":2019,"numero_protocolo":5346,"data_apresentacao":"2019-11-04","tipo_apresentacao":"E","data_publicacao":null,"numero_origem_externa":"","ano_origem_externa":null,"data_origem_externa":null,"apelido":"","dias_prazo":null,"data_fim_prazo":null,"em_tramitacao":true,"polemica":null,"objeto":"","complementar":null,"ementa":"\u201cINDICA AO SENHOR PREFEITO QUE DETERMINE AO SETOR COMPETENTE A INCLUS\u00c3O DOS SEGUINTES BAIRROS NO PROGRAMA ILUMINA TEL\u00caMACO, PARA QUE ASSIM TENHAM AS L\u00c2MPADAS A VAPOR E DE S\u00d3DIO SUBSTITU\u00cdDAS POR L\u00c2MPADAS DE LED: \u00c1REA III,  \u00c1REA VI, JARDIM BANDEIRANTES, MONTE SINAI I E II, VILA RURAL, DISTRITO INDUSTRIAL E MARGINAIS\u201d.","indexacao":"INCLUS\u00c3O DOS SEGUINTES BAIRROS NO PROGRAMA ILUMINA TEL\u00caMACO, PARA QUE ASSIM TENHAM AS L\u00c2MPADAS A VAPOR E DE S\u00d3DIO SUBSTITU\u00cdDAS POR L\u00c2MPADAS DE LED: \u00c1REA III,  \u00c1REA VI, JARDIM BANDEIRANTES, MONTE SINAI I E II, VILA RURAL, DISTRITO INDUSTRIAL E MARGINAIS","observacao":"A inclus\u00e3o dos bairros acima citados no programa de substitui\u00e7\u00e3o de l\u00e2mpadas comuns por de LED \u00e9 de extrema import\u00e2ncia, pois trata-se inclusive de quest\u00e3o de seguran\u00e7a p\u00fablica.","resultado":"","texto_original":"http://sapl.telemacoborba.pr.leg.br/media/sapl/public/materialegislativa/2019/10453/ind_878-19.pdf","data_ultima_atualizacao":"2019-11-19T17:50:25.024934-03:00","ip":"200.102.9.242","ultima_edicao":null,"tipo":8,"regime_tramitacao":1,"tipo_origem_externa":null,"local_origem_externa":null,"user":36,"anexadas":[],"autores":[58]}