{"id":12168,"__str__":"Requerimento n\u00ba 72 de 2021","link_detail_backend":"/materia/12168","metadata":{},"numero":72,"ano":2021,"numero_protocolo":763,"data_apresentacao":"2021-05-17","tipo_apresentacao":"","data_publicacao":null,"numero_origem_externa":"","ano_origem_externa":null,"data_origem_externa":null,"apelido":"","dias_prazo":null,"data_fim_prazo":null,"em_tramitacao":false,"polemica":false,"objeto":"","complementar":false,"ementa":"\u201cREQUER EM CONFORMIDADE COM O ARTIGO 129, INCISO III, DO REGIMENTO INTERNO, QUE SE REGISTRE NOS ANAIS DESTA CASA, E QUE SEJA ENCAMINHADO VOTOS DE LOUVOR E CONGRATULA\u00c7\u00c3O \u00c0S SEGUINTES INSTITUI\u00c7\u00d5ES DE SA\u00daDE: INSTITUTO DR. FEITOSA, HOSPITAL MOURA, HOSPITAL REGIONAL, (UPA) UNIDADE DE PRONTO ATENDIMENTO 24 HORAS, CENTRO DE ESPECIALIDADE COMBATE AO COVID-19, VIGIL\u00c2NCIA SANIT\u00c1RIA, 21\u00aa REGIONAL DE SA\u00daDE, EM FACE AOS TRABALHOS DESEMPENHANDOS NO ENFRENTAMENTO A COVID-19\u201d.","indexacao":"VOTOS DE LOUVOR E CONGRATULA\u00c7\u00c3O \u00c0S SEGUINTES INSTITUI\u00c7\u00d5ES DE SA\u00daDE: INSTITUTO DR. FEITOSA, HOSPITAL MOURA, HOSPITAL REGIONAL, (UPA) UNIDADE DE PRONTO ATENDIMENTO 24 HORAS, CENTRO DE ESPECIALIDADE COMBATE AO COVID-19, VIGIL\u00c2NCIA SANIT\u00c1RIA, 21\u00aa REGIONAL DE SA\u00daDE","observacao":"REQUER DE CONFORMIDADE COM O ARTIGO 129, INCISO III, DO REGIMENTO INTERNO, QUE SE REGISTRE NOS ANAIS DESTA CASA, E QUE SEJA ENCAMINHADO  VOTOS DE LOUVOR E CONGRATULA\u00c7\u00c3O AS SEGUINTES INSTITUI\u00c7\u00c3O DE SA\u00daDE:\r\nINSTITUTO DR. FEITOSA, HOSPITAL MOURA, HOSPITAL REGIONAL, (UPA) UNIDADE DE PRONTO ATENDIMENTO 24 HORAS, CENTRO DE ESPECIALIDADE-CAMBATE AO COVID 19, VIGIL\u00c2NCIA SANIT\u00c1RIA, 21\u00aa REGIONAL DE SA\u00daDE, EM FACE AOS TRABALHOS DESEMPENHANDOS NO ENFRENTAMENTO ``A COVID-19\u201d.\r\n(JUSTIFICATIVA\r\n\r\n\r\n                                         Esse voto de louvor e congratula\u00e7\u00e3o de agradecimento a todos os profissionais de sa\u00fade, pelo enfrentamento do Covid 19. Esses bravos homens e mulheres que lutam diariamente para salvar vidas. Que todos os dias saem de casa revestidos de for\u00e7as e coragem para enfrentar grandes inimigos. Lutam contra a doen\u00e7a, contra adversidade e tamb\u00e9m contra seus pr\u00f3prios medos, sem baixarem a cabe\u00e7a ou desistir.\r\n                                         \r\n                                       Voc\u00eas s\u00e3o incr\u00edveis, aut\u00eanticos lutadores, as pessoas que nos salvam e nos ajudam a viver melhor, momentos dif\u00edceis que estamos passando com essa pandemia.\r\n \r\n                                       Parab\u00e9ns a todos os profissionais de sa\u00fade por terem escolhido uma profiss\u00e3o que tem como miss\u00e3o cuidar de todos n\u00f3s. Voc\u00eas sabem que se formaram para estarem presentes nos momentos de fragilidades do seu pr\u00f3ximo e trabalham todos os dias pelo o bem alheio com esfor\u00e7o e dedica\u00e7\u00e3o e muito amor. O sentido de servir \u00e9 justamente ser capaz de dar a vida por causa dos outros.\r\n \r\n\r\n                                       Na B\u00edblia Sagrada o Evangelista Jo\u00e3o 15;13-17 nos diz o se seguinte.\r\n\r\n                                       Ningu\u00e9m tem maior amor do que este: de dar algu\u00e9m a sua vida pelos seus amigos V\u00f3s sereis meus amigos, se fizerdes o que eu vos mando. J\u00e1 vos n\u00e3o chamarei servos, porque o servo n\u00e3o sabe o que faz o seu senhor, mas tenho-vos chamado amigos, porque tudo quanto ouvi de meu Pai vos tenho feito conhecer. N\u00e3o me escolhestes v\u00f3s a mim, mas eu vos escolhi a v\u00f3s e meu nome e pedirdes Pai ele vos conceda. Isto vos mando: que vos amei uns aos outros.\r\n\r\n                                    Dar a vida pelo seu irm\u00e3o nada mais do que viver com consci\u00eancia de quem se \u00e9 sabendo de onde vem, onde est\u00e1 e onde se quer chegar, mas principalmente, saber que juntos vamos longe e s\u00f3 depende de cada um e da nossa uni\u00e3o fazer as mudan\u00e7as para que todos tenham vida plenitude.\r\n\r\n                                     Espero de cora\u00e7\u00e3o que a vida retribua em dobro toda a aten\u00e7\u00e3o, carinho e dedica\u00e7\u00e3o que voc\u00eas tanto merecem.","resultado":"","texto_original":"http://sapl.telemacoborba.pr.leg.br/media/sapl/public/materialegislativa/2021/12168/req_072.pdf","data_ultima_atualizacao":"2021-05-26T13:40:45.261103-03:00","ip":"200.102.9.243","ultima_edicao":"2021-05-26T13:38:39.497104-03:00","tipo":3,"regime_tramitacao":1,"tipo_origem_externa":null,"local_origem_externa":null,"user":71,"anexadas":[],"autores":[29]}