{"id":14460,"__str__":"Emenda n\u00ba 17 de 2022","link_detail_backend":"/materia/14460","metadata":{},"numero":17,"ano":2022,"numero_protocolo":null,"data_apresentacao":"2022-11-28","tipo_apresentacao":"E","data_publicacao":null,"numero_origem_externa":"","ano_origem_externa":null,"data_origem_externa":null,"apelido":"","dias_prazo":null,"data_fim_prazo":null,"em_tramitacao":false,"polemica":false,"objeto":"","complementar":false,"ementa":"EMENDA N\u00ba 017/2022, de iniciativa do Vereador Klecius dos Santos Silva que apresenta EMENDA MODIFICATIVA ao Projeto de Lei n\u00ba 48/2022 que \u201cEstima a Receita e fixa a Despesa do Munic\u00edpio de Tel\u00eamaco Borba \u2013 PR para o exerc\u00edcio de 2023\u201d, alterando a descri\u00e7\u00e3o e os valores do projeto/atividade vinculado a a\u00e7\u00e3o de \u201cAquisi\u00e7\u00e3o de Equipamentos e Material Permanente para a Unidade \u2013 Gabinete, Divis\u00e3o de Esportes e Divis\u00e3o de Recrea\u00e7\u00e3o Orientada - SMCER\u201d, nos Anexos correspondentes ao exerc\u00edcio de 2023.\" (Aquisi\u00e7\u00e3o de Van adaptada)","indexacao":"Aquisi\u00e7\u00e3o de Van adaptada)","observacao":"Adquirir uma van adaptada para o transporte de paratletas.","resultado":"","texto_original":"http://sapl.telemacoborba.pr.leg.br/media/sapl/public/materialegislativa/2022/14460/emenda_no_017-2022_1.pdf","data_ultima_atualizacao":"2023-01-06T13:19:28.070162-03:00","ip":"45.160.181.130","ultima_edicao":"2023-01-06T13:19:27.843623-03:00","tipo":11,"regime_tramitacao":5,"tipo_origem_externa":null,"local_origem_externa":null,"user":74,"anexadas":[],"autores":[71]}