{"id":14471,"__str__":"Emenda n\u00ba 25 de 2022","link_detail_backend":"/materia/14471","metadata":{},"numero":25,"ano":2022,"numero_protocolo":null,"data_apresentacao":"2022-12-02","tipo_apresentacao":"E","data_publicacao":null,"numero_origem_externa":"","ano_origem_externa":null,"data_origem_externa":null,"apelido":"","dias_prazo":null,"data_fim_prazo":null,"em_tramitacao":false,"polemica":false,"objeto":"","complementar":false,"ementa":"EMENDA N\u00ba 025/22 de iniciativa do Vereador Antonio Carlos Flenik que apresenta EMENDA MODIFICATIVA ao Projeto de Lei n\u00ba 48/2022 que \u201cEstima a Receita e fixa a Despesa do Munic\u00edpio de Tel\u00eamaco Borba \u2013 PR para o exerc\u00edcio de 2023\u201d, alterando a nomenclatura e descri\u00e7\u00e3o do projeto vinculado a a\u00e7\u00e3o de \u201cReforma das Escolas Municipais Dep. Fabiano Braga Cortes. Dep. P\u00e9ricles Pacheco da Silva e Prof\u00aa Etelvina Arzua Costa\u201d, nos Anexos correspondentes ao exerc\u00edcio de 2023.\"","indexacao":"","observacao":"Incluir cobertura de quadra de escola que n\u00e3o estava prevista no Projeto de Lei com a finalidade de melhor atender as necessidades dos alunos.","resultado":"","texto_original":"http://sapl.telemacoborba.pr.leg.br/media/sapl/public/materialegislativa/2022/14471/emenda_no_025-2022_1.pdf","data_ultima_atualizacao":"2023-01-06T13:26:55.071500-03:00","ip":"45.160.181.130","ultima_edicao":"2023-01-06T13:26:54.955801-03:00","tipo":11,"regime_tramitacao":5,"tipo_origem_externa":null,"local_origem_externa":null,"user":74,"anexadas":[],"autores":[68]}