{"id":15475,"__str__":"Requerimento n\u00ba 80 de 2023","link_detail_backend":"/materia/15475","metadata":{},"numero":80,"ano":2023,"numero_protocolo":948,"data_apresentacao":"2023-08-14","tipo_apresentacao":"","data_publicacao":null,"numero_origem_externa":"","ano_origem_externa":null,"data_origem_externa":null,"apelido":"","dias_prazo":null,"data_fim_prazo":null,"em_tramitacao":false,"polemica":false,"objeto":"","complementar":false,"ementa":"\u201cREQUEREM DO SENHOR PREFEITO, NO PRAZO QUE A LEI LHE CONFERE, AS SEGUINTES INFORMA\u00c7\u00d5ES: 1) EXISTE PROJETO E/OU ESTUDO PARA REFORMA DO MINICENTRO ESPORTIVO COMO UM TODO? (VESTI\u00c1RIOS, BANHEIROS, CAMPO, BANCOS DE RESERVA, PISTA DE ATLETISMO, ETC.); 2) SE SIM, QUANDO ISSO DEVER\u00c1 OCORRER? 3) O QUE SER\u00c1 DE FATO REALIZADO? 4) CASO OS SERVI\u00c7OS J\u00c1 ESTEJAM SENDO ENCAMINHADOS, FAVOR ENCAMINHAR PLANILHA COM O SERVI\u00c7O, VALORES E PRAZO DE EXECU\u00c7\u00c3O\u201d.","indexacao":"PROJETO E/OU ESTUDO PARA REFORMA DO MINICENTRO ESPORTIVO COMO UM TODO, VESTI\u00c1RIOS, BANHEIROS, CAMPO, BANCOS DE RESERVA, PISTA DE ATLETISMO","observacao":"OS VEREADORES QUE ABAIXO SUBSCREVEM, NO USO DE SUAS ATRIBUI\u00c7\u00d5ES LEGAIS, REQUEREM DO SENHOR PREFEITO, NO PRAZO QUE A LEI LHE CONFERE, AS SEGUINTES INFORMA\u00c7\u00d5ES: 1) EXISTE PROJETO E/OU ESTUDO PARA REFORMA DO MINICENTRO ESPORTIVO COMO UM TODO? (VESTI\u00c1RIOS, BANHEIROS, CAMPO, BANCOS DE RESERVA, PISTA DE ATLETISMO, ETC.); 2) SE SIM, QUANDO ISSO DEVER\u00c1 OCORRER? 3) O QUE SER\u00c1 DE FATO REALIZADO? 4) CASO OS SERVI\u00c7OS J\u00c1 ESTEJAM SENDO ENCAMINHADOS, FAVOR ENCAMINHAR PLANILHA COM O SERVI\u00c7O, VALORES E PRAZO DE EXECU\u00c7\u00c3O.\r\n\r\nJustificativa\r\n\r\nCom a realiza\u00e7\u00e3o da Copa Cidade, bem como dos jogos escolares, fomos indagados por pais de alunos e atletas sobre alguns pontos prec\u00e1rios daquele complexo esportivo, tais como: banheiros, vesti\u00e1rios, campo, bancos de reserva (comiss\u00e3o t\u00e9cnica), etc. Sendo assim, faz-se necess\u00e1rio que tenhamos as respostas \u00e0s perguntas acima elencadas para a partir da\u00ed podermos bem informar \u00e0queles que tem feito tais indaga\u00e7\u00f5es. \r\n\r\nVereadores: ANTONIO MARCO DE ALMEIDA\r\n                    JEFFERSON THOMAZ ABREU","resultado":"","texto_original":"http://sapl.telemacoborba.pr.leg.br/media/sapl/public/materialegislativa/2023/15475/req_080.pdf","data_ultima_atualizacao":"2023-09-01T16:54:22.699724-03:00","ip":"45.160.181.130","ultima_edicao":"2023-08-15T16:35:07.923250-03:00","tipo":3,"regime_tramitacao":1,"tipo_origem_externa":null,"local_origem_externa":null,"user":74,"anexadas":[],"autores":[70,58]}