{"id":16651,"__str__":"Parecer n\u00ba 66 de 2024","link_detail_backend":"/materia/16651","metadata":{},"numero":66,"ano":2024,"numero_protocolo":641,"data_apresentacao":"2024-07-12","tipo_apresentacao":"","data_publicacao":null,"numero_origem_externa":"","ano_origem_externa":null,"data_origem_externa":null,"apelido":"","dias_prazo":null,"data_fim_prazo":null,"em_tramitacao":false,"polemica":false,"objeto":"","complementar":false,"ementa":"Da Comiss\u00e3o de Legisla\u00e7\u00e3o, Justi\u00e7a e Reda\u00e7\u00e3o, parecer ao Projeto de Lei Ordin\u00e1ria N\u00ba 017/2024, de iniciativa do Poder Executivo, Mensagem N\u00ba 030 de 26 de junho de 2024, que \"Cria o Conselho Municipal de Seguran\u00e7a P\u00fablica, o Fundo Municipal de Seguran\u00e7a P\u00fablica e o Gabinete Gest\u00e3o de Crise - GGC e d\u00e1 outras provid\u00eancias\".","indexacao":"Cria o Conselho Municipal de Seguran\u00e7a P\u00fablica, o Fundo Municipal de Seguran\u00e7a P\u00fablica e o Gabinete Gest\u00e3o de Crise - GGC e d\u00e1 outras provid\u00eancias","observacao":"COMISS\u00c3O DE LEGISLA\u00c7\u00c3O, JUSTI\u00c7A E REDA\u00c7\u00c3O.\r\n\r\n\r\nRELAT\u00d3RIO: Projeto de Lei Ordin\u00e1ria 017/2024 que \u201cCria o Conselho Municipal de Seguran\u00e7a P\u00fablica, o Fundo Municipal de Seguran\u00e7a e o Gabinete Gest\u00e3o de Crise-GGC e d\u00e1 outras providencias\u201d, de iniciativa do Poder Executivo\u201d. (Mensagem N\u00ba 30 de 26 de junho de 2024).\r\nJUSTIFICATIVA: O projeto tem o objetivo de elaborar politicas e diretrizes para seguran\u00e7a p\u00fablica, promover a integra\u00e7\u00e3o entre os diversos fatores e acompanhar a execu\u00e7\u00e3o das a\u00e7\u00f5es.\r\n\r\nPARECER: Projeto de Lei em conson\u00e2ncia com a legisla\u00e7\u00e3o, tanto no aspecto material quanto no aspecto formal. A justificativa ora apresentada pelo Executivo \u00e9 a explana\u00e7\u00e3o da constante preocupa\u00e7\u00e3o do Poder P\u00fablico em garantir o bem estar e a seguran\u00e7a dos mun\u00edcipes. Delibera o Executivo que as institui\u00e7\u00f5es das entidades citadas no Projeto de Lei em muito contribuiriam para tal.\r\nJ\u00e1 o aspecto formal apresenta conformidade com o exigido pela legisla\u00e7\u00e3o inerente estando em conson\u00e2ncia ao prescrito pela Lei Complementar 95/1998 que determina a correta legisla\u00e7\u00e3o e t\u00e9cnica jur\u00eddica para apresenta\u00e7\u00e3o de Projetos de Lei.\r\nDesta forma, n\u00e3o havendo \u00f3bice apresento parecer positivo \u00e0 tramita\u00e7\u00e3o regular do j\u00e1 citado Projeto.\r\n\t\t\r\n\r\nTel\u00eamaco Borba, 11 de julho de 2024.\r\n\r\n\r\n\r\n\r\n\r\n\r\n\r\nElis\u00e2ngela Resende Saldivar\r\n Presidente\r\n \r\n\r\nJos\u00e9 Amilton Bueno de Camargo \r\nRelator\r\n\r\n\r\n \u00c9lio Cezar Santos\r\n Membro","resultado":"","texto_original":"http://sapl.telemacoborba.pr.leg.br/media/sapl/public/materialegislativa/2024/16651/parecer_legislacao_-_plo_no_017-2024.pdf","data_ultima_atualizacao":"2024-07-24T15:30:38.349774-03:00","ip":"45.160.181.130","ultima_edicao":"2024-07-24T15:30:38.174144-03:00","tipo":10,"regime_tramitacao":1,"tipo_origem_externa":null,"local_origem_externa":null,"user":36,"anexadas":[],"autores":[44]}