{"id":16816,"__str__":"Requerimento n\u00ba 62 de 2024","link_detail_backend":"/materia/16816","metadata":{},"numero":62,"ano":2024,"numero_protocolo":824,"data_apresentacao":"2024-09-02","tipo_apresentacao":"","data_publicacao":null,"numero_origem_externa":"","ano_origem_externa":null,"data_origem_externa":null,"apelido":"","dias_prazo":null,"data_fim_prazo":null,"em_tramitacao":false,"polemica":false,"objeto":"","complementar":false,"ementa":"\u201cREQUER DO SENHOR PREFEITO QUE DENTRO DO PRAZO QUE A LEI LHE CONFERE, AS SEGUINTES INFORMA\u00c7\u00d5ES SOBRE A PRA\u00c7A HOR\u00c1CIO KLABIN: 1) SOLICITO O ENVIO DE TODA A DOCUMENTA\u00c7\u00c3O REFERENTE AO PROCESSO LICITAT\u00d3RIO, BEM COMO TODAS C\u00d3PIAS DOS CONTRATOS REALIZADOS PARA REVITALIZA\u00c7\u00c3O DA PRA\u00c7A? 2) QUAL \u00c9 A EMPRESA RESPONS\u00c1VEL PELA INSTALA\u00c7\u00c3O DOS EQUIPAMENTOS DAS FONTES MUSICAIS? QUAL O CUSTO? ENCAMINHAR A DOCUMENTA\u00c7\u00c3O QUE COMPROVE A CERTIFICA\u00c7\u00c3O DESTA EMPRESA PARA REALIZA\u00c7\u00c3O DESTE SERVI\u00c7O.\u201d","indexacao":"REVITALIZA\u00c7\u00c3O DA PRA\u00c7A HOR\u00c1CIO KLABIN","observacao":"REQUER DO SENHOR PREFEITO QUE DENTRO DO PRAZO QUE A LEI LHE CONFERE, AS SEGUINTES INFORMA\u00c7\u00d5ES SOBRE A PRA\u00c7A HOR\u00c1CIO KLABIN: 1) Solicito o envio de toda a documenta\u00e7\u00e3o referente ao processo licitat\u00f3rio, bem como todas copias dos contratos realizados para revitaliza\u00e7\u00e3o da pra\u00e7a? 2)Qual \u00e9 a empresa respons\u00e1vel pela instala\u00e7\u00e3o dos equipamentos das fontes musicais? Qual o Custo? Encaminhar a documenta\u00e7\u00e3o que comprove a certifica\u00e7\u00e3o desta empresa para realiza\u00e7\u00e3o deste servi\u00e7o? Justificativa: Buscando ter a transpar\u00eancia e efici\u00eancia do servi\u00e7o realizado por este setor.","resultado":"","texto_original":"http://sapl.telemacoborba.pr.leg.br/media/sapl/public/materialegislativa/2024/16816/requ._062-2024.pdf","data_ultima_atualizacao":"2024-10-03T15:41:46.000038-03:00","ip":"45.160.181.130","ultima_edicao":"2024-09-04T14:19:16.484848-03:00","tipo":3,"regime_tramitacao":1,"tipo_origem_externa":null,"local_origem_externa":null,"user":76,"anexadas":[],"autores":[29,71]}