{"id":17169,"__str__":"Requerimento n\u00ba 10 de 2025","link_detail_backend":"/materia/17169","metadata":{},"numero":10,"ano":2025,"numero_protocolo":165,"data_apresentacao":"2025-02-03","tipo_apresentacao":"","data_publicacao":null,"numero_origem_externa":"","ano_origem_externa":null,"data_origem_externa":null,"apelido":"","dias_prazo":null,"data_fim_prazo":null,"em_tramitacao":false,"polemica":false,"objeto":"","complementar":false,"ementa":"\u201cREQUER DA SENHORA PREFEITA, QUE INFORME A ESTA CASA DE LEIS, NO PRAZO QUE A LEI LHE CONFERE, A SEGUINTE INFORMA\u00c7\u00c3O: 1) INFORMAR A DATA REFERENTE AO RETORNO DA \u2018FEIRA DO BEM\u2019.\u201d","indexacao":"DATA REFERENTE AO RETORNO DA FEIRA DO BEM","observacao":"REQUERIMENTO N\u00b0 001/2025\r\n\r\nO VEREADOR QUE ABAIXO SUBSCREVE, NO USO DE \r\n\tDISCUTIVO E APROVADO EM\r\n\r\n\tT. Borba,.................... hs. do dia...... /........../2025\r\n\r\n\r\n\r\n Ant\u00f4nio Siderlei Siqueira                  Rosangela Aparecida de Assis\r\n             Presidente                                             1\u00aa. Secret\u00e1ria                  \t\tLIDO NO EXPEDIENTE\r\n\r\nT. Borba,  e   hs. do dia __/__/2025\r\n\r\n\r\nAnt\u00f4nio Siderlei Siqueira\r\nPresidente\r\nSUAS PRERROGATIVAS REGIMENTAIS, \u201cREQUER DO SENHORA PREFEITA MUNICIPAL, QUE INFORME A ESTA CASA DE LEIS, NO PRAZO QUE A LEI LHE CONFERE AS SEGUINTES INFORMA\u00c7\u00d5ES: \u201c1-REFERENTE \u2013 A DATA DE RETORNO DA \u201cFEIRA DO BEM\u201d \u201c\u201c\u201c.\r\n\r\n                     J U S T I F I C A T I V A\r\n\r\n\u201cCom frequ\u00eancia estamos sendo questionados pelos mun\u00edcipes, com rela\u00e7\u00e3o \u00e0 volta da feira, contatamos o \u00f3rg\u00e3o competente, para que possamos prestar esclarecimento \u00e0 popula\u00e7\u00e3o\u201d.","resultado":"","texto_original":"http://sapl.telemacoborba.pr.leg.br/media/sapl/public/materialegislativa/2025/17169/req_010-25.pdf","data_ultima_atualizacao":"2025-03-06T13:52:07.114510-03:00","ip":"45.160.181.130","ultima_edicao":"2025-02-05T13:46:39.398791-03:00","tipo":3,"regime_tramitacao":1,"tipo_origem_externa":null,"local_origem_externa":null,"user":36,"anexadas":[],"autores":[52]}