{"id":17810,"__str__":"Parecer n\u00ba 48 de 2025","link_detail_backend":"/materia/17810","metadata":{},"numero":48,"ano":2025,"numero_protocolo":881,"data_apresentacao":"2025-05-12","tipo_apresentacao":"","data_publicacao":null,"numero_origem_externa":"","ano_origem_externa":null,"data_origem_externa":null,"apelido":"","dias_prazo":null,"data_fim_prazo":null,"em_tramitacao":false,"polemica":false,"objeto":"","complementar":false,"ementa":"Da Comiss\u00e3o de Legisla\u00e7\u00e3o, Justi\u00e7a e Reda\u00e7\u00e3o, parecer ao Projeto de Lei Ordin\u00e1ria N\u00ba 014/2025, de iniciativa do Vereador Felipe Pedroso da Silva, que \"Disp\u00f5e sobre a reserva de vagas para pessoas com defici\u00eancia \u2013 PCD\u2019s, pelas empresas prestadoras de servi\u00e7os terceirizados \u00e0 Administra\u00e7\u00e3o P\u00fablica Municipal e suas Secretarias.\"","indexacao":"","observacao":"COMISS\u00c3O LEGISLA\u00c7\u00c3O JUSTI\u00c7A E REDA\u00c7\u00c3O \r\n\r\n\r\nRELAT\u00d3RIO:\r\nExame Relativo referente ao Projeto de Lei Ordin\u00e1rio 014/2025, apresentado por parlamentar, que \u201cDISP\u00d5E SOBRE A RESERVA DE VAGAS PARA PESSOAS COM DEFICIENCIA \u2013 PCDS- PELAS EMPRESAS PRESTADORAS DE SERVI\u00c7OS TERCEIRIZADOS \u00c0 ADMINISTRA\u00c7\u00c3O P\u00daBLICA MUNICIPAL E SUAS SECRETARIAS \u201d\r\n\r\nPARECER:\r\nProjeto de Lei em quest\u00e3o procura regulamentar a disposi\u00e7\u00e3o do numero de vagas para pessoas com defici\u00eancias nos casos de empresas prestadoras de servi\u00e7os terceirizados a administra\u00e7\u00e3o publica municipal e suas secretarias.\r\nO parlamentar justifica o Projeto de Lei devido a necessidade de regulamenta\u00e7\u00e3o do numero de vagas para pessoas com defici\u00eancia no munic\u00edpio, citando o Decreto 9508/2018 do Governo Federal que determina a necessidade de no m\u00ednimo a contrata\u00e7\u00e3o de cinco por cento de pessoas nestas situa\u00e7\u00f5es.\r\nO Projeto de lei determina a obrigatoriedade de contrata\u00e7\u00e3o, no m\u00ednimo, dez por cento de pessoas com defici\u00eancia. Podem os entes estabelecer o numero de vagas para mais desde que respeitado o percentual m\u00ednimo de cinco por cento.\r\nEntendemos ser favor\u00e1vel a mat\u00e9ria, com m\u00e9rito devendo ser apreciado por todos os vereadores.\r\n\r\nTel\u00eamaco Borba, 09 de Maio  de 2025\r\n\r\n\r\n\r\n                 Antonio Marco de Almeida \u2013 Presidente\r\n\r\n\r\n             Elisangela Resende Saldivar \u2013 relator\r\n\r\n\r\nEverton Fernando Soares \u2013 vogal","resultado":"","texto_original":"http://sapl.telemacoborba.pr.leg.br/media/sapl/public/materialegislativa/2025/17810/parecer_legislacao_-_plo_no_014-2025.pdf","data_ultima_atualizacao":"2025-06-25T16:30:54.395202-03:00","ip":"45.160.181.130","ultima_edicao":"2025-06-25T16:30:54.246439-03:00","tipo":10,"regime_tramitacao":1,"tipo_origem_externa":null,"local_origem_externa":null,"user":36,"anexadas":[],"autores":[44]}