{"id":18430,"__str__":"Requerimento n\u00ba 217 de 2025","link_detail_backend":"/materia/18430","metadata":{},"numero":217,"ano":2025,"numero_protocolo":1616,"data_apresentacao":"2025-08-25","tipo_apresentacao":"E","data_publicacao":null,"numero_origem_externa":"","ano_origem_externa":null,"data_origem_externa":null,"apelido":"","dias_prazo":15,"data_fim_prazo":"2025-09-11","em_tramitacao":false,"polemica":false,"objeto":"","complementar":false,"ementa":"\u201cREQUEREM DA SENHORA PREFEITA, DENTRO DO PRAZO QUE A LEI LHE CONFERE, AS SEGUINTES INFORMA\u00c7\u00d5ES: 1) CONSIDERANDO QUE OS APARELHOS DE AR CONDICIONADO J\u00c1 FORAM INSTALADOS NAS SALAS DE AULA DA ESCOLA MUNICIPAL SANTOS DUMONT, EXISTE PREVIS\u00c3O PARA A EFETIVA LIGA\u00c7\u00c3O E FUNCIONAMENTO DESSES APARELHOS? A) EM CASO AFIRMATIVO, INDICAR A DATA PREVISTA PARA EXECU\u00c7\u00c3O; B) EM CASO NEGATIVO, APRESENTAR JUSTIFICATIVA.\u201d","indexacao":"APARELHOS DE AR CONDICIONADO J\u00c1 FORAM INSTALADOS NAS SALAS DE AULA DA ESCOLA MUNICIPAL SANTOS DUMONT","observacao":"JUSTIFICATIVA: A liga\u00e7\u00e3o dos aparelhos de ar-condicionado \u00e9 fundamental para garantir condi\u00e7\u00f5es adequadas de conforto t\u00e9rmico e bem-estar aos alunos e professores, contribuindo diretamente para a qualidade do ensino e o desempenho acad\u00eamico. Al\u00e9m disso, o correto funcionamento dos equipamentos evita desperd\u00edcio de recursos p\u00fablicos j\u00e1 investidos na aquisi\u00e7\u00e3o e instala\u00e7\u00e3o, assegurando o uso eficiente do patrim\u00f4nio escolar.\r\nTel\u00eamaco Borba, 14 de agosto de 2025.\r\n\r\nTHIAGO TALEVI PEREIRA DA SILVA         EVERTON FERNANDO SOARES       \r\n          Vereador Thiago Bra\u00e7udinho                        Vereador Toto","resultado":"","texto_original":"http://sapl.telemacoborba.pr.leg.br/media/sapl/public/materialegislativa/2025/18430/requerimento_no_217_-_25.pdf","data_ultima_atualizacao":"2025-10-09T16:26:52.164294-03:00","ip":"45.160.181.130","ultima_edicao":"2025-09-04T14:58:30.983736-03:00","tipo":3,"regime_tramitacao":1,"tipo_origem_externa":null,"local_origem_externa":null,"user":39,"anexadas":[],"autores":[76,33]}