{"id":18625,"__str__":"Requerimento n\u00ba 262 de 2025","link_detail_backend":"/materia/18625","metadata":{},"numero":262,"ano":2025,"numero_protocolo":1960,"data_apresentacao":"2025-09-29","tipo_apresentacao":"E","data_publicacao":null,"numero_origem_externa":"","ano_origem_externa":null,"data_origem_externa":null,"apelido":"","dias_prazo":15,"data_fim_prazo":"2025-10-16","em_tramitacao":false,"polemica":false,"objeto":"","complementar":false,"ementa":"REQUER DA SENHORA PREFEITA, NOS TERMOS E PRAZOS QUE A LEI LHE CONFERE, INFORMA\u00c7\u00d5ES SOBRE AS INAUGURA\u00c7\u00d5ES DE COMPLEXOS  E PRA\u00c7AS: 1) Para quando est\u00e1 previsto a inaugura\u00e7\u00e3o do Complexo de Lazer do Monte Sinai? Qual valor atualizado j\u00e1 investido e quanto no total ainda ser\u00e1 gasto at\u00e9 a conclus\u00e3o? Quais motivos dos atrasos ocorridos para a conclus\u00e3o? Qual o cronograma f\u00edsico financeiro atualizado atual do local? Houve altera\u00e7\u00f5es das previs\u00f5es de valores a serem gastos no local? Justifique; O que falta para conclus\u00e3o e inaugura\u00e7\u00e3o? 2) Para quando est\u00e1 previsto a inaugura\u00e7\u00e3o do Complexo de Lazer do Casa Bela? Qual valor atualizado j\u00e1 investido, e quanto no total ainda ser\u00e1 gasto at\u00e9 a conclus\u00e3o? Quais motivos dos atrasos ocorridos para a conclus\u00e3o? Qual o cronograma f\u00edsico financeiro atualizado atual do local? Houve altera\u00e7\u00f5es das previs\u00f5es de valores a serem gastos no local? Justifique; O que falta para conclus\u00e3o e inaugura\u00e7\u00e3o? 3) Para quando est\u00e1 previsto a inaugura\u00e7\u00e3o do Complexo de lazer do Bona Vila? Qual valor atualizado j\u00e1 investido, e quanto no total ainda ser\u00e1 gasto at\u00e9 a conclus\u00e3o? Quais motivos dos atrasos ocorridos para a conclus\u00e3o? Qual o cronograma f\u00edsico financeiro atualizado atual do local? Houve altera\u00e7\u00f5es das previs\u00f5es de valores a serem gastos no local? Justifique; O que falta para conclus\u00e3o e inaugura\u00e7\u00e3o? 4) Para quando est\u00e1 previsto a inaugura\u00e7\u00e3o da Pra\u00e7a do Jardim Kroll? Qual valor atualizado j\u00e1 investido, e quanto no total ainda ser\u00e1 gasto at\u00e9 a conclus\u00e3o? Quais motivos dos atrasos ocorridos para a conclus\u00e3o? Qual o cronograma f\u00edsico financeiro atualizado atual do local? Houve altera\u00e7\u00f5es das previs\u00f5es de valores a serem gastos no local? Justifique; O que falta para conclus\u00e3o e inaugura\u00e7\u00e3o? 5) Para quando est\u00e1 previsto a inaugura\u00e7\u00e3o da Pra\u00e7a do Jardim Bandeirantes II? Qual valor atualizado j\u00e1 investido, e quanto no total ainda ser\u00e1 gasto at\u00e9 a conclus\u00e3o? Quais motivos dos atrasos ocorridos para a conclus\u00e3o? Qual o cronograma f\u00edsico financeiro atualizado atual do local? Houve altera\u00e7\u00f5es das previs\u00f5es de valores a serem gastos no local? Justifique; O que falta para conclus\u00e3o e inaugura\u00e7\u00e3o?","indexacao":"","observacao":"JUSTIFICATIVA: Para o esclarecimento a questionamentos de diversos mun\u00edcipes, bem como apresentar de forma transparente o servi\u00e7o realizado pelo setor competente.","resultado":"","texto_original":"http://sapl.telemacoborba.pr.leg.br/media/sapl/public/materialegislativa/2025/18625/requerimento_no_262_-_25.pdf","data_ultima_atualizacao":"2025-11-06T13:44:45.108047-03:00","ip":"45.160.181.130","ultima_edicao":"2025-10-02T17:10:23.381258-03:00","tipo":3,"regime_tramitacao":1,"tipo_origem_externa":null,"local_origem_externa":null,"user":39,"anexadas":[],"autores":[29]}