{"id":18738,"__str__":"Requerimento n\u00ba 288 de 2025","link_detail_backend":"/materia/18738","metadata":{},"numero":288,"ano":2025,"numero_protocolo":2115,"data_apresentacao":"2025-10-27","tipo_apresentacao":"","data_publicacao":null,"numero_origem_externa":"","ano_origem_externa":null,"data_origem_externa":null,"apelido":"","dias_prazo":null,"data_fim_prazo":null,"em_tramitacao":false,"polemica":false,"objeto":"","complementar":false,"ementa":"\"REQUEREM DA SENHORA PREFEITA, DENTRO DO PRAZO QUE A LEI LHE CONFERE, AS SEGUINTES INFORMA\u00c7\u00d5ES SOBRE O CENTRO COMUNIT\u00c1RIO DO BAIRRO S\u00c3O SILVESTRE: 1) CONSTA NO CRONOGRAMA DA SECRETARIA MUNICIPAL DE OBRAS E SERVI\u00c7OS P\u00daBLICOS A PREVIS\u00c3O PARA REFORMA DO REFERIDO CENTRO? 2) CASO POSITIVO, QUAL A PREVIS\u00c3O DE IN\u00cdCIO E A CONCLUS\u00c3O DOS TRABALHOS? 3) DETALHAR QUAIS AS MELHORIAS SER\u00c3O FEITAS. 4) CASO NEGATIVO, JUSTIFICAR.\"","indexacao":"INFORMA\u00c7\u00d5ES SOBRE O CENTRO COMUNIT\u00c1RIO DO BAIRRO S\u00c3O SILVESTRE, REFORMA","observacao":"Justificativa: O presente requerimento tem por finalidade obter informa\u00e7\u00f5es sobre a situa\u00e7\u00e3o atual e o planejamento de reforma do Centro Comunit\u00e1rio do Bairro S\u00e3o Silvestre. O referido espa\u00e7o \u00e9 de grande relev\u00e2ncia para os moradores, servindo como ponto de encontro, realiza\u00e7\u00e3o de eventos e atividades sociais, culturais e comunit\u00e1rias. No entanto, o pr\u00e9dio apresenta sinais de desgaste e necessita de melhorias estruturais e funcionais para garantir seguran\u00e7a e conforto aos usu\u00e1rios. Assim, \u00e9 fundamental saber se h\u00e1 previs\u00e3o para sua reforma no cronograma municipal, de modo a assegurar o adequado aproveitamento do espa\u00e7o p\u00fablico e o atendimento das demandas da comunidade local.\r\n\r\nTel\u00eamaco Borba, 17 de outubro de 2025.\r\n\r\n\r\nTHIAGO TALEVI PEREIRA DA SILVA        EVERTON FERNANDO SOARES\r\n        Vereador Thiago Bra\u00e7udinho                              Vereador Toto","resultado":"","texto_original":null,"data_ultima_atualizacao":"2025-10-24T16:29:40.611233-03:00","ip":"45.160.181.130","ultima_edicao":"2025-10-24T16:29:25.921707-03:00","tipo":3,"regime_tramitacao":1,"tipo_origem_externa":null,"local_origem_externa":null,"user":36,"anexadas":[],"autores":[76,33]}