{"id":18833,"__str__":"Projeto de Lei Ordin\u00e1ria n\u00ba 88 de 2025","link_detail_backend":"/materia/18833","metadata":{},"numero":88,"ano":2025,"numero_protocolo":null,"data_apresentacao":"2025-11-10","tipo_apresentacao":"","data_publicacao":null,"numero_origem_externa":"","ano_origem_externa":null,"data_origem_externa":null,"apelido":"","dias_prazo":null,"data_fim_prazo":null,"em_tramitacao":true,"polemica":false,"objeto":"","complementar":false,"ementa":"Projeto de Lei Ordin\u00e1ria N\u00ba 088/2025, de iniciativa do Vereador Antonio Marco de Almeida, que \u201cDisp\u00f5e sobre o prazo m\u00e1ximo de 60 dias para a realiza\u00e7\u00e3o de consultas e exames especializados classificados como prioridade alta no \u00e2mbito da Rede P\u00fablica Municipal de Sa\u00fade, e d\u00e1 outras provid\u00eancias.\u201d","indexacao":"Disp\u00f5e sobre o prazo m\u00e1ximo de 60 dias para a realiza\u00e7\u00e3o de consultas e exames especializados classificados como prioridade alta no \u00e2mbito da Rede P\u00fablica Municipal de Sa\u00fade","observacao":"","resultado":"","texto_original":"http://sapl.telemacoborba.pr.leg.br/media/sapl/public/materialegislativa/2025/18833/plo_no_088-2025.pdf","data_ultima_atualizacao":"2026-04-08T12:42:04.575104-03:00","ip":"45.160.181.130","ultima_edicao":"2026-04-08T12:42:04.435332-03:00","tipo":1,"regime_tramitacao":1,"tipo_origem_externa":null,"local_origem_externa":null,"user":36,"anexadas":[],"autores":[58]}