{"id":19210,"__str__":"Indica\u00e7\u00e3o n\u00ba 39 de 2026","link_detail_backend":"/materia/19210","metadata":{},"numero":39,"ano":2026,"numero_protocolo":150,"data_apresentacao":"2026-02-02","tipo_apresentacao":"","data_publicacao":null,"numero_origem_externa":"","ano_origem_externa":null,"data_origem_externa":null,"apelido":"","dias_prazo":null,"data_fim_prazo":null,"em_tramitacao":true,"polemica":false,"objeto":"","complementar":false,"ementa":"\u201cINDICA A SENHORA PREFEITA PARA QUE JUNTO AOS \u00d3RG\u00c3OS COMPETENTES, SOLICITE RECAPE ASF\u00c1LTICO NA RUA WROBLEWSKI \u2013 JARDIM KROLL.\u201d","indexacao":"RECAPE ASF\u00c1LTICO NA RUA WROBLEWSKI \u2013 JARDIM KROLL","observacao":"O Vereador que abaixo subscreve no uso de suas prerrogativas regimentais, \u201cINDICA A SENHORA PREFEITA PARA QUE JUNTO AOS \u00d3RG\u00c3OS COMPETENTES SOLICITE RECAP\u00ca ASFALTICO NA RUA WROBLEWSKI \u2013 JARDIM KROL\u201d.                         \r\nJustificativa\r\nIndicamos esta pelas dificuldades encontradas por nossos motoristas e pedestres ao transitam nesta a qual necessita de recape devido a\u00e7\u00e3o tempo que ocasionou buracos e deformidades na via, esta melhoria trar\u00e1 mais agilidade ao tr\u00e2nsito local e mais conforto a nossa popula\u00e7\u00e3o.","resultado":"","texto_original":null,"data_ultima_atualizacao":"2026-01-30T13:26:50.543901-03:00","ip":"45.160.181.130","ultima_edicao":"2026-01-30T13:26:50.421953-03:00","tipo":8,"regime_tramitacao":1,"tipo_origem_externa":null,"local_origem_externa":null,"user":36,"anexadas":[],"autores":[56]}