{"id":19232,"__str__":"Indica\u00e7\u00e3o n\u00ba 54 de 2026","link_detail_backend":"/materia/19232","metadata":{},"numero":54,"ano":2026,"numero_protocolo":65,"data_apresentacao":"2026-02-02","tipo_apresentacao":"","data_publicacao":null,"numero_origem_externa":"","ano_origem_externa":null,"data_origem_externa":null,"apelido":"","dias_prazo":null,"data_fim_prazo":null,"em_tramitacao":true,"polemica":false,"objeto":"","complementar":false,"ementa":"\u201cINDICA A SENHORA PREFEITA, QUE ATRAV\u00c9S DO SETOR COMPETENTE, INTERVENHA COM URG\u00caNCIA, JUNTO AO GOVERNO DO ESTADO DO PARAN\u00c1 E AO DEPARTAMENTO DE ESTRADAS DE RODAGEM  DER/PR, PARA VIABILIZAR A IMPLANTA\u00c7\u00c3O DE UMA PASSARELA PARA PEDESTRES NA ROTAT\u00d3RIA DO BAIRRO MONTE CARLO, LOCALIZADA NA PR-160, EM FRENTE AO STOCK ATACADISTA, NO TRECHO QUE LIGA OS BAIRROS MONTE CARLO E \u00c1REA 2.\u201d","indexacao":"IMPLANTA\u00c7\u00c3O DE UMA PASSARELA PARA PEDESTRES NA ROTAT\u00d3RIA DO BAIRRO MONTE CARLO, LOCALIZADA NA PR-160, EM FRENTE AO STOCK ATACADISTA, NO TRECHO QUE LIGA OS BAIRROS MONTE CARLO E \u00c1REA 2","observacao":"justificativa a travessia nesse ponto da rodovia tornou-se um grave risco \u00e0 vida da popula\u00e7\u00e3o. o local possui intenso tr\u00e1fego de ve\u00edculos, aus\u00eancia de faixa de pedestres adequada e sinaliza\u00e7\u00e3o insuficiente, obrigando crian\u00e7as, idosos, pessoas com defici\u00eancia e trabalhadores a atravessarem a pista entre ve\u00edculos em movimento. h\u00e1 hist\u00f3rico de acidentes e relatos constantes de moradores sobre o perigo di\u00e1rio enfrentado, sendo que, em hor\u00e1rios de pico, a travessia pode levar v\u00e1rios minutos, expondo ainda mais os pedestres. n\u00e3o h\u00e1, at\u00e9 o momento, confirma\u00e7\u00e3o oficial de obras estruturais no local, o que torna indispens\u00e1vel uma solu\u00e7\u00e3o imediata e eficaz. a implanta\u00e7\u00e3o da passarela \u00e9 uma medida urgente, humanit\u00e1ria e necess\u00e1ria, alinhada \u00e0 lei federal n\u00ba 12.587/2012 (pol\u00edtica nacional de mobilidade urbana), que determina a prioriza\u00e7\u00e3o do pedestre e a prote\u00e7\u00e3o da vida no sistema vi\u00e1rio. garantir essa obra \u00e9 garantir o direito de ir e vir com seguran\u00e7a e evitar que mais vidas sejam colocadas em risco.","resultado":"","texto_original":null,"data_ultima_atualizacao":"2026-01-30T16:17:53.484711-03:00","ip":"45.160.181.130","ultima_edicao":"2026-01-30T16:17:53.381088-03:00","tipo":8,"regime_tramitacao":1,"tipo_origem_externa":null,"local_origem_externa":null,"user":36,"anexadas":[],"autores":[79]}