{"id":19238,"__str__":"Requerimento n\u00ba 15 de 2026","link_detail_backend":"/materia/19238","metadata":{},"numero":15,"ano":2026,"numero_protocolo":227,"data_apresentacao":"2026-02-09","tipo_apresentacao":"","data_publicacao":null,"numero_origem_externa":"","ano_origem_externa":null,"data_origem_externa":null,"apelido":"","dias_prazo":null,"data_fim_prazo":null,"em_tramitacao":false,"polemica":false,"objeto":"","complementar":false,"ementa":"\"REQUEREM DA SENHORA PREFEITA, DENTRO DO PRAZO QUE A LEI LHE CONFERE, AS SEGUINTES INFORMA\u00c7\u00d5ES: DIANTE DAS DIVERSAS RECLAMA\u00c7\u00d5ES APRESENTADAS PELOS MORADORES DA VILA RURAL BRILHO DE SOL, ACERCA DA RECORRENTE FALTA DE ABASTECIMENTO DE \u00c1GUA, SOLICITAMOS: 1) QUAL \u00c9 O REAL MOTIVO DA CONSTANTE FALTA DE \u00c1GUA EM ALGUMAS RESID\u00caNCIAS DA REFERIDA LOCALIDADE? 2. QUAIS MEDIDAS EST\u00c3O SENDO OU SER\u00c3O ADOTADAS PELO SETOR COMPETENTE PARA SOLUCIONAR DEFINITIVAMENTE O PROBLEMA?.\"","indexacao":"RECLAMA\u00c7\u00d5ES APRESENTADAS PELOS MORADORES DA VILA RURAL BRILHO DE SOL, ACERCA DA RECORRENTE FALTA DE ABASTECIMENTO DE \u00c1GUA","observacao":"Os vereadores que abaixo subscrevem, no uso de suas prerrogativas regimentais, requerem da senhora prefeita que, dentro do prazo que a lei lhe confere, as seguintes informa\u00e7\u00f5es: \u201cDIANTE DAS DIVERSAS RECLAMA\u00c7\u00d5ES APRESENTADAS PELOS MORADORES DA VILA RURAL BRILHO DE SOL ACERCA DA RECORRENTE FALTA DE ABASTECIMENTO DE \u00c1GUA, SOLICITAMOS AS SEGUINTES INFORMA\u00c7\u00d5ES: 1. QUAL \u00c9 O REAL MOTIVO DA CONSTANTE FALTA DE \u00c1GUA EM ALGUMAS RESID\u00caNCIAS DA REFERIDA LOCALIDADE? 2. QUAIS MEDIDAS EST\u00c3O SENDO OU SER\u00c3O ADOTADAS PELO SETOR COMPETENTE PARA SOLUCIONAR DEFINITIVAMENTE O PROBLEMA?\u201d\r\nJUSTIFICATIVA: A presente solicita\u00e7\u00e3o justifica-se em raz\u00e3o das reiteradas manifesta\u00e7\u00f5es dos moradores da Vila Rural Brilho de Sol, que v\u00eam enfrentando constantes interrup\u00e7\u00f5es no abastecimento de \u00e1gua, situa\u00e7\u00e3o que compromete diretamente a qualidade de vida, a sa\u00fade e as condi\u00e7\u00f5es m\u00ednimas de higiene das fam\u00edlias afetadas. Considerando que o acesso \u00e0 \u00e1gua pot\u00e1vel \u00e9 um direito b\u00e1sico e essencial, torna-se imprescind\u00edvel que o Poder P\u00fablico esclare\u00e7a as causas do problema e apresente as provid\u00eancias necess\u00e1rias para a regulariza\u00e7\u00e3o do servi\u00e7o, garantindo um fornecimento cont\u00ednuo e adequado \u00e0 popula\u00e7\u00e3o local.\r\nTel\u00eamaco Borba, 02 de fevereiro de 2026.\r\n\r\nTHIAGO TALEVI PEREIRA DA SILVA        EVERTON FERNANDO SOARES\r\n        Vereador Thiago Bra\u00e7udinho                              Vereador Toto","resultado":"","texto_original":"http://sapl.telemacoborba.pr.leg.br/media/sapl/public/materialegislativa/2026/19238/req_015-2026.pdf","data_ultima_atualizacao":"2026-03-03T17:16:22.060577-03:00","ip":"45.160.181.130","ultima_edicao":"2026-02-12T15:28:39.835330-03:00","tipo":3,"regime_tramitacao":1,"tipo_origem_externa":null,"local_origem_externa":null,"user":36,"anexadas":[],"autores":[76,33]}