{"id":19252,"__str__":"Requerimento n\u00ba 21 de 2026","link_detail_backend":"/materia/19252","metadata":{},"numero":21,"ano":2026,"numero_protocolo":254,"data_apresentacao":"2026-02-04","tipo_apresentacao":"","data_publicacao":null,"numero_origem_externa":"","ano_origem_externa":null,"data_origem_externa":null,"apelido":"","dias_prazo":null,"data_fim_prazo":null,"em_tramitacao":false,"polemica":false,"objeto":"","complementar":false,"ementa":"\"REQUER AO PLEN\u00c1RIO DESTA CASA, QUE SEJAM ENVIADOS,  VOTOS DE LOUVOR E CONGRATULA\u00c7\u00d5ES AOS M\u00c9DICOS E  PROFISSIONAIS DA \u00c1REA DE SA\u00daDE, QUE EM NOSSA CIDADE PRESTAM SEUS SERVI\u00c7OS H\u00c1 MAIS DE 50 ANOS, SENDO PORTANTO, PIONEIROS E BALUARTES DA SA\u00daDE NO MUNIC\u00cdPIO, AQUI LISTADOS POR ORDEM DE SUAS FORMATURAS, SENDO ELES: REINALDO MARTINS DE OLIVEIRA J\u00daNIOR - FORMATURA: 1969; ROG\u00c9RIO DE OLIVEIRA BARROS - FORMATURA: 1974; SHIGUEO HAMAMURA - FORMATURA: 1974; JUAN ALEXIS RUBIN DE C\u00c9LIS - FORMATURA: 1975; LUIZ ROBERTO DE BESSA LAGES - FORMATURA: 1975.\u201d","indexacao":"VOTOS DE LOUVOR E CONGRATULA\u00c7\u00d5ES AOS M\u00c9DICOS E PROFISSIONAIS DA \u00c1REA DE SA\u00daDE","observacao":"REQUERIMENTO N\u00ba /2025\r\n\r\n\r\n                                O Vereador que subscreve, no uso de suas prerrogativas regimentais, \u201cREQUER AO PLENARIO DESTA CASA QUE SEJAM ENVIADOS    ,  VOTOS DE CONGRATULA\u00c7\u00d5ES E LOUVOR AOS M\u00c9DICOS E  PROFISSIONAIS DA AREA DE SAUDE QUE EM NOSSA CIDADE PRESTAM SEUS SERVI\u00c7OS A MAIS DE 50 ANOS SENDO PORTANTO PIONEIROS E BALUARTES DA SAUDE NO MUNICIPIO, AQUI LISTADOS POR ORDEM DE SUAS FORMATURAS, SENDO ELES: Reinaldo Martins de Oliveira Junior  - Formatura : 1969; Rogerio de Oliveira Barros - Formatura : 1974; Shigueo Hamamura                            - Formatura : 1974\r\nJuan Alexis Rubin de C\u00e9lis                 - Formatura : 1975   \r\nLuiz Roberto de Bessa Lages             - Formatura : 1975  \u201d.\r\n\r\n\r\n\r\nJ U S T I F I C A T I V A\r\n\r\n\r\nJustificamos pelo significado especial aos profissionais aqui citados . N\u00e3o celebramos apenas trajet\u00f3rias profissionais, mas vidas inteiras dedicadas ao cuidado do pr\u00f3ximo, ao al\u00edvio da dor e \u00e0 preserva\u00e7\u00e3o da esperan\u00e7a. Os votos de louvor aqui solicitados  s\u00e3o um reconhecimento p\u00fablico, justo e necess\u00e1rio, a cinco profissionais que, ao longo de mais de cinquenta anos, transformaram a medicina em verdadeiro sacerd\u00f3cio em favor do nosso povo.\r\nPor d\u00e9cadas, esses profissionais foram muito al\u00e9m da ci\u00eancia e da t\u00e9cnica. Foram presen\u00e7a constante nos momentos mais delicados da vida dos nossos mun\u00edcipes: no nascimento, na enfermidade, na recupera\u00e7\u00e3o e, muitas vezes, no consolo. Atenderam gera\u00e7\u00f5es inteiras, conheceram fam\u00edlias pelo nome, carregaram nos ombros o peso da responsabilidade e, no cora\u00e7\u00e3o, o compromisso inabal\u00e1vel com a dignidade humana.\r\nEm tempos f\u00e1ceis e dif\u00edceis, com recursos abundantes ou escassos, nunca lhes faltaram coragem, \u00e9tica e sensibilidade. Suas m\u00e3os salvaram vidas; suas palavras acalmaram medos; sua dedica\u00e7\u00e3o ajudou a construir uma cidade mais saud\u00e1vel, mais humana e mais solid\u00e1ria. O legado que deixam n\u00e3o se mede apenas em curr\u00edculos ou t\u00edtulos, mas na gratid\u00e3o silenciosa de milhares de cidad\u00e3os que tiveram suas hist\u00f3rias transformadas por esses m\u00e9dicos  e profissionais da sa\u00fade.\r\nAo concedermos estes votos de louvor, esta Casa Legislativa expressa o reconhecimento de toda a comunidade,  reconhecendo que o progresso de um munic\u00edpio n\u00e3o se faz apenas com obras e n\u00fameros, mas, sobretudo, com pessoas que dedicam suas vidas ao bem comum. Que este gesto simbolize o respeito, a admira\u00e7\u00e3o e o profundo agradecimento de um povo que jamais esquecer\u00e1 aqueles que cuidaram de sua sa\u00fade com amor, compet\u00eancia e voca\u00e7\u00e3o.\r\nQue este plen\u00e1rio registre, para a hist\u00f3ria, o exemplo desses profissionais, cuja trajet\u00f3ria honra a medicina e \u00e1reas ligadas, engrandece nossa cidade e inspira as futuras gera\u00e7\u00f5es.","resultado":"","texto_original":"http://sapl.telemacoborba.pr.leg.br/media/sapl/public/materialegislativa/2026/19252/req_021-2026.pdf","data_ultima_atualizacao":"2026-02-13T13:51:31.703962-03:00","ip":"45.160.181.130","ultima_edicao":"2026-02-13T13:51:31.501250-03:00","tipo":3,"regime_tramitacao":1,"tipo_origem_externa":null,"local_origem_externa":null,"user":36,"anexadas":[],"autores":[69]}