{"id":19323,"__str__":"Requerimento n\u00ba 32 de 2026","link_detail_backend":"/materia/19323","metadata":{},"numero":32,"ano":2026,"numero_protocolo":300,"data_apresentacao":"2026-02-23","tipo_apresentacao":"","data_publicacao":null,"numero_origem_externa":"","ano_origem_externa":null,"data_origem_externa":null,"apelido":"","dias_prazo":null,"data_fim_prazo":null,"em_tramitacao":false,"polemica":false,"objeto":"","complementar":false,"ementa":"\u201cREQUEREM DO SENHOR PRESIDENTE DA C\u00c2MARA MUNICIPAL, QUE SEJA SUBMETIDO \u00c0 DELIBERA\u00c7\u00c3O DO PLEN\u00c1RIO, EM CONFORMIDADE COM O ARTIGO 27, INCISO XII DA LEI ORG\u00c2NICA DO MUNIC\u00cdPIO, A CONVOCA\u00c7\u00c3O DOS SECRET\u00c1RIOS MUNICIPAIS CLEVERSON SILVA DOS SANTOS (SECRETARIA DE GOVERNO) E LUIZ FERNANDO DE MATOS (PLANEJAMENTO URBANO, HABITA\u00c7\u00c3O E MEIO AMBIENTE), PARA QUE COMPARE\u00c7AM EM DIA E HOR\u00c1RIO ESPEC\u00cdFICO NESTA CASA DE LEIS, \u00c0 FIM DE PRESTAREM ESCLARECIMENTOS REFERENTES \u00c0 PARALISA\u00c7\u00c3O, CONTINUIDADE E MEDIDAS ADOTADAS EM RELA\u00c7\u00c3O \u00c0S SEGUINTES OBRAS: ARENA MULTIUSO, POSTO DE SA\u00daDE DO BAIRRO TRI\u00c2NGULO, ESCOLA MUNICIPAL P\u00c9RICLES PACHECO DA SILVA E CORPO DE BOMBEIROS. PARA TANTO DEVER\u00c3O ESTAR ACOMPANHADOS DOS RESPONS\u00c1VEIS PELA FISCALIZA\u00c7\u00c3O DAS REFERIDAS OBRAS, BEM COMO DO CONTROLADOR GERAL DO MUNIC\u00cdPIO.\"","indexacao":"CONVOCA\u00c7\u00c3O DOS SECRET\u00c1RIOS MUNICIPAIS CLEVERSON SILVA DOS SANTOS (SECRETARIA DE GOVERNO) E LUIZ FERNANDO DE MATOS (PLANEJAMENTO URBANO, HABITA\u00c7\u00c3O E MEIO AMBIENTE), PARA QUE COMPARE\u00c7AM EM DIA E HOR\u00c1RIO ESPEC\u00cdFICO NESTA CASA DE LEIS, \u00c0 FIM DE PRESTAREM ESCLARECIMENTOS REFERENTES \u00c0 PARALISA\u00c7\u00c3O, CONTINUIDADE E MEDIDAS ADOTADAS EM RELA\u00c7\u00c3O \u00c0S SEGUINTES OBRAS: ARENA MULTIUSO, POSTO DE SA\u00daDE DO BAIRRO TRI\u00c2NGULO, ESCOLA MUNICIPAL P\u00c9RICLES PACHECO DA SILVA E CORPO DE BOMBEIROS.","observacao":"Justificativa\r\n\r\nAs obras em quest\u00e3o tem sido objetos de recorrentes debates na C\u00e2mara de Vereadores. Sendo assim, a presen\u00e7a daqueles que de fato tem um entendimento aprofundado da real situa\u00e7\u00e3o de cada uma delas \u00e9 de suma import\u00e2ncia para dirimir todas as d\u00favidas dos vereadores, leg\u00edtimos representantes de nossa popula\u00e7\u00e3o.\r\n\r\n\r\nVereadores: MARQUINHO, ROS\u00c2NGELA, ELIS, SIDERLEI, JAP\u00c3O, FELIPE E OUTROS.","resultado":"","texto_original":"http://sapl.telemacoborba.pr.leg.br/media/sapl/public/materialegislativa/2026/19323/requerimento_no_032-26.pdf","data_ultima_atualizacao":"2026-04-14T16:51:14.163989-03:00","ip":"45.160.181.130","ultima_edicao":"2026-04-14T16:51:14.004584-03:00","tipo":3,"regime_tramitacao":1,"tipo_origem_externa":null,"local_origem_externa":null,"user":88,"anexadas":[],"autores":[42]}