{"id":19670,"__str__":"Indica\u00e7\u00e3o n\u00ba 372 de 2026","link_detail_backend":"/materia/19670","metadata":{},"numero":372,"ano":2026,"numero_protocolo":705,"data_apresentacao":"2026-04-27","tipo_apresentacao":"E","data_publicacao":null,"numero_origem_externa":"","ano_origem_externa":null,"data_origem_externa":null,"apelido":"","dias_prazo":null,"data_fim_prazo":null,"em_tramitacao":true,"polemica":false,"objeto":"","complementar":false,"ementa":"\"INDICA A SENHORA PREFEITA QUE, A PEDIDO DOS PAIS E DAS CRIAN\u00c7AS QUE UTILIZAM-SE DOS PARQUES INFANTIS, SEJAM ADOTADAS PROVID\u00caNCIAS PARA INSTALA\u00c7\u00c3O DE \"BALAN\u00c7AS INFANTIS\" NOS PARQUINHOS DAS ESCOLAS MUNICIPAIS, CMEI'S E PRA\u00c7AS P\u00daBLICAS DO MUNIC\u00cdPIO.\"","indexacao":"INSTALA\u00c7\u00c3O DE \"BALAN\u00c7AS INFANTIS\" NOS PARQUINHOS DAS ESCOLAS MUNICIPAIS, CMEI'S E PRA\u00c7AS P\u00daBLICAS","observacao":"Nas visitas em v\u00e1rias escolas formos \"cobrados\" por diversas crian\u00e7as pela falta desse aparelho nos parquinhos infantis.","resultado":"","texto_original":null,"data_ultima_atualizacao":"2026-04-24T14:47:31.036780-03:00","ip":"45.160.181.130","ultima_edicao":"2026-04-24T14:47:30.935650-03:00","tipo":8,"regime_tramitacao":1,"tipo_origem_externa":null,"local_origem_externa":null,"user":39,"anexadas":[],"autores":[58]}