{"id":19671,"__str__":"Requerimento n\u00ba 67 de 2026","link_detail_backend":"/materia/19671","metadata":{},"numero":67,"ano":2026,"numero_protocolo":662,"data_apresentacao":"2026-04-27","tipo_apresentacao":"","data_publicacao":null,"numero_origem_externa":"","ano_origem_externa":null,"data_origem_externa":null,"apelido":"","dias_prazo":null,"data_fim_prazo":null,"em_tramitacao":false,"polemica":false,"objeto":"","complementar":false,"ementa":"\u201cREQUER DA SENHORA PREFEITA QUE, POR MEIO DO SETOR COMPETENTE, SEJAM PRESTADAS AS SEGUINTES INFORMA\u00c7\u00d5ES DETALHADAS DOS VE\u00cdCULOS UTILIZADOS PELAS AS SECRET\u00c1RIAS DO MUNIC\u00cdPIO: 1) QUANTOS VE\u00cdCULOS T\u00caM LOCADOS PELA PREFEITURA? 2) INFORMAR ANO E MODELO DE CADA VE\u00cdCULO. 3) QUAL O NOME DA EMPRESA QUE GANHOU A LICITA\u00c7\u00c3O? 4) ENCAMINHAR C\u00d3PIA DO CONTRATO ENTRE LOCADORA E LOCADOR. 5) QUAL VALOR DE CADA VE\u00cdCULO LOCADO? 6) QUAIS SECRETARIAS TEM O USO DESSES VE\u00cdCULOS LOCADOS?\"","indexacao":"INFORMA\u00c7\u00d5ES DETALHADAS DOS VE\u00cdCULOS UTILIZADOS PELAS AS SECRET\u00c1RIAS DO MUNIC\u00cdPIO","observacao":"\"Requer da Senhora Prefeita que, por meio do setor competente, sejam prestadas as seguintes informa\u00e7\u00f5es detalhadas dos ve\u00edculos utilizados pelas as secret\u00e1rias do munic\u00edpio: 1) Quantos ve\u00edculos tem locados pela prefeitura? 2) Informar ano e modelo de cada ve\u00edculo. 3) Qual o nome da empresa que ganhou licita\u00e7\u00e3o. 4) Mandar copia do contrato entre locadora e locador. 5) Qual valor de cada ve\u00edculo locado? 6) Quais secretarias tem o uso desses ve\u00edculos locados?\"\r\n\r\n\r\n                                                                                                    Justificativa\r\nO presente requerimento visa garantir transpar\u00eancia na utiliza\u00e7\u00e3o dos ve\u00edculos locados pelo Munic\u00edpio, diante da necessidade de avaliar sua destina\u00e7\u00e3o.\r\nDiante disso, \u00e9 essencial verificar se a estrutura atualmente dispon\u00edvel atende \u00e0s demandas da popula\u00e7\u00e3o ou se h\u00e1 necessidade de melhor organiza\u00e7\u00e3o e direcionamento dos ve\u00edculos, priorizando \u00e1reas de extrema import\u00e2ncia como a sa\u00fade.","resultado":"","texto_original":null,"data_ultima_atualizacao":"2026-04-24T14:52:05.591235-03:00","ip":"45.160.181.130","ultima_edicao":"2026-04-24T14:51:20.306328-03:00","tipo":3,"regime_tramitacao":1,"tipo_origem_externa":null,"local_origem_externa":null,"user":36,"anexadas":[],"autores":[52]}