{"id":19674,"__str__":"Indica\u00e7\u00e3o n\u00ba 374 de 2026","link_detail_backend":"/materia/19674","metadata":{},"numero":374,"ano":2026,"numero_protocolo":707,"data_apresentacao":"2026-04-27","tipo_apresentacao":"E","data_publicacao":null,"numero_origem_externa":"","ano_origem_externa":null,"data_origem_externa":null,"apelido":"","dias_prazo":null,"data_fim_prazo":null,"em_tramitacao":true,"polemica":false,"objeto":"","complementar":false,"ementa":"\"INDICA \u00c1 SENHORA PREFEITA PARA QUE DETERMINE AO SETOR COMPETENTE A REALIZA\u00c7\u00c3O DE MELHORIAS NA ILUMINA\u00c7\u00c3O DA PRA\u00c7A DO JARDIM KROLL.\"","indexacao":"ILUMINA\u00c7\u00c3O DA PRA\u00c7A DO JARDIM KROLL","observacao":"Melhoria necess\u00e1ria para melhor utiliza\u00e7\u00e3o e seguran\u00e7a do local em per\u00edodos noturnos.","resultado":"","texto_original":null,"data_ultima_atualizacao":"2026-04-24T14:56:41.196989-03:00","ip":"45.160.181.130","ultima_edicao":"2026-04-24T14:56:41.074984-03:00","tipo":8,"regime_tramitacao":1,"tipo_origem_externa":null,"local_origem_externa":null,"user":39,"anexadas":[],"autores":[58]}