{"id":19676,"__str__":"Indica\u00e7\u00e3o n\u00ba 376 de 2026","link_detail_backend":"/materia/19676","metadata":{},"numero":376,"ano":2026,"numero_protocolo":634,"data_apresentacao":"2026-04-27","tipo_apresentacao":"E","data_publicacao":null,"numero_origem_externa":"","ano_origem_externa":null,"data_origem_externa":null,"apelido":"","dias_prazo":null,"data_fim_prazo":null,"em_tramitacao":true,"polemica":false,"objeto":"","complementar":false,"ementa":"\u201cINDICA A SENHORA PREFEITA JUNTO COM O SETOR COMPETENTE QUE REALIZEM A COLOCA\u00c7\u00c3O DE CORRIM\u00c3O DE ACESSO A RAMPA DA FEIRA DO PRODUTOR, NO BAIRRO ALTO DAS OLIVEIRAS.\u201d","indexacao":"COLOCA\u00c7\u00c3O DE CORRIM\u00c3O DE ACESSO A RAMPA DA FEIRA DO PRODUTOR, NO BAIRRO ALTO DAS OLIVEIRAS","observacao":"O referido pedido tem por objetivo atender as necessidades da popula\u00e7\u00e3o que utiliza diariamente essa rampa, trazendo falta de seguran\u00e7a principalmente a crian\u00e7as e idosos. Aguardamos provid\u00eancias por parte do setor competente.","resultado":"","texto_original":null,"data_ultima_atualizacao":"2026-04-24T15:04:51.857940-03:00","ip":"45.160.181.130","ultima_edicao":"2026-04-24T15:04:51.771198-03:00","tipo":8,"regime_tramitacao":1,"tipo_origem_externa":null,"local_origem_externa":null,"user":39,"anexadas":[],"autores":[69]}