{"id":19679,"__str__":"Indica\u00e7\u00e3o n\u00ba 377 de 2026","link_detail_backend":"/materia/19679","metadata":{},"numero":377,"ano":2026,"numero_protocolo":692,"data_apresentacao":"2026-04-27","tipo_apresentacao":"E","data_publicacao":null,"numero_origem_externa":"","ano_origem_externa":null,"data_origem_externa":null,"apelido":"","dias_prazo":null,"data_fim_prazo":null,"em_tramitacao":true,"polemica":false,"objeto":"","complementar":false,"ementa":"\u201cINDICA A SENHORA PREFEITA JUNTO COM O SETOR COMPETENTE DO MUNICIPIO, MAIS PRECISAMENTE TB TRAN A PEDIDO DE MUNICIPES QUE SENTEM NA  PELE O PROBLEMA QUE ACONTECE NA ESQUINA ENTRE A AV N. SRA. DA LUZ COM A RUA MANAUS ONDE N\u00c3O ESTA SENDO RESPEITADA A PREFERENCIAL POR MOTORISTAS PAIS DE ALUNOS DA ESCOLA IDEAL  INCLUSIVE J\u00c1 COM ACIDENTES REGISTRADOS, DAI RAZ\u00c3O DO PEDIDO, INCLUSIVE COM IDEIA PROPOSTA DE CONTINUA\u00c7\u00c3O DA PREFERENCIAL QUE VEM DO SENTIDO FORUM ELEITORAL E QUE SERIA SOLU\u00c7\u00c3O PARA TAIS PROBLEMAS, OU ENT\u00c3O ANALISES PARA ALTERNATIVAS AO IMPASSE PELO PODER PUBLICO\u201d.","indexacao":"ESQUINA ENTRE A AV N. SRA. DA LUZ COM A RUA MANAUS ONDE N\u00c3O ESTA SENDO RESPEITADA A PREFERENCIAL POR MOTORISTAS PAIS DE ALUNOS DA ESCOLA IDEAL","observacao":"Justificamos esta No exposto uma vez que \u00e9 problema instalado devido alta rotatividade de ve\u00edculos em momentos de sa\u00edda de alunos da Escola Ideal e alguns cidad\u00e3os impacientes tem causado transtornos aos moldes descritos.","resultado":"","texto_original":null,"data_ultima_atualizacao":"2026-04-24T15:33:38.350082-03:00","ip":"45.160.181.130","ultima_edicao":"2026-04-24T15:33:38.251692-03:00","tipo":8,"regime_tramitacao":1,"tipo_origem_externa":null,"local_origem_externa":null,"user":39,"anexadas":[],"autores":[69]}