{"id":19687,"__str__":"Indica\u00e7\u00e3o n\u00ba 391 de 2026","link_detail_backend":"/materia/19687","metadata":{},"numero":391,"ano":2026,"numero_protocolo":671,"data_apresentacao":"2026-04-27","tipo_apresentacao":"E","data_publicacao":null,"numero_origem_externa":"","ano_origem_externa":null,"data_origem_externa":null,"apelido":"","dias_prazo":null,"data_fim_prazo":null,"em_tramitacao":true,"polemica":false,"objeto":"","complementar":false,"ementa":"\"INDICA \u00c0 SENHORA PREFEITA, QUE DETERMINE AO SETOR COMPETENTE A INSTALA\u00c7\u00c3O DE TOLDOS NA FEIRA DO BEM, VISANDO OFERECER MELHOR ESTRUTURA TANTO PARA OS PROFISSIONAIS QUE ATUAM NO LOCAL QUANTO PARA A POPULA\u00c7\u00c3O QUE REALIZA TROCAS NA FEIRA.\"","indexacao":"INSTALA\u00c7\u00c3O DE TOLDOS NA FEIRA DO BEM","observacao":"Objetivo proporcionar mais conforto e prote\u00e7\u00e3o aos profissionais e \u00e0 popula\u00e7\u00e3o que participa da feira do bem, especialmente em dias de sol intenso ou chuva.","resultado":"","texto_original":null,"data_ultima_atualizacao":"2026-04-24T17:54:29.809127-03:00","ip":"45.160.181.130","ultima_edicao":"2026-04-24T17:54:29.694985-03:00","tipo":8,"regime_tramitacao":1,"tipo_origem_externa":null,"local_origem_externa":null,"user":39,"anexadas":[],"autores":[29]}