{"id":19692,"__str__":"Indica\u00e7\u00e3o n\u00ba 397 de 2026","link_detail_backend":"/materia/19692","metadata":{},"numero":397,"ano":2026,"numero_protocolo":656,"data_apresentacao":"2026-04-27","tipo_apresentacao":"E","data_publicacao":null,"numero_origem_externa":"","ano_origem_externa":null,"data_origem_externa":null,"apelido":"","dias_prazo":null,"data_fim_prazo":null,"em_tramitacao":true,"polemica":false,"objeto":"","complementar":false,"ementa":"''INDICO A SENHORA PREFEITA E AO SETOR DE OBRAS, QUE SEJA REALIZADA A PODA DE \u00c1RVORE LOCALIZADA NA TRAVESSA ALEMANHA, N\u00ba 33, BAIRRO JARDIM EUROPA.''","indexacao":"PODA DE \u00c1RVORE LOCALIZADA NA TRAVESSA ALEMANHA, N\u00ba 33, BAIRRO JARDIM EUROPA","observacao":"A presente solicita\u00e7\u00e3o se faz necess\u00e1ria tendo em vista que a \u00e1rvore localizada no endere\u00e7o mencionado encontra-se com galhos excessivamente crescidos, podendo causar riscos \u00e0 seguran\u00e7a dos moradores, pedestres e ve\u00edculos que transitam pela via. Al\u00e9m disso, os galhos podem estar interferindo na rede el\u00e9trica, ilumina\u00e7\u00e3o p\u00fablica e visibilidade da via, aumentando a possibilidade de acidentes, especialmente em dias de vento ou chuva. Dessa forma, a poda preventiva \u00e9 uma medida essencial para garantir a seguran\u00e7a da popula\u00e7\u00e3o, bem como a preserva\u00e7\u00e3o adequada da arboriza\u00e7\u00e3o urbana.","resultado":"","texto_original":null,"data_ultima_atualizacao":"2026-04-27T13:57:14.654012-03:00","ip":"45.160.181.130","ultima_edicao":"2026-04-27T13:57:14.565717-03:00","tipo":8,"regime_tramitacao":1,"tipo_origem_externa":null,"local_origem_externa":null,"user":39,"anexadas":[],"autores":[79]}