{"id":19693,"__str__":"Indica\u00e7\u00e3o n\u00ba 379 de 2026","link_detail_backend":"/materia/19693","metadata":{},"numero":379,"ano":2026,"numero_protocolo":648,"data_apresentacao":"2026-04-27","tipo_apresentacao":"E","data_publicacao":null,"numero_origem_externa":"","ano_origem_externa":null,"data_origem_externa":null,"apelido":"","dias_prazo":null,"data_fim_prazo":null,"em_tramitacao":true,"polemica":false,"objeto":"","complementar":false,"ementa":"''INDICA A SENHORA PREFEITA E AOS ORG\u00c3OS COMPETENTES A COLOCA\u00c7\u00c3O DE UMA PLACA DE INFORMA\u00c7\u00c3O NA RUA DA MATA ESQUINA COM A AVENIDA DAS FLORES NO BAIRRO JARDIM ALEGRE''.","indexacao":"COLOCA\u00c7\u00c3O DE UMA PLACA DE INFORMA\u00c7\u00c3O NA RUA DA MATA ESQUINA COM A AVENIDA DAS FLORES NO BAIRRO JARDIM ALEGRE","observacao":"Moradores est\u00e3o reclamando da falta dessa placa citando o nome da rua para entrega de encomendas.","resultado":"","texto_original":null,"data_ultima_atualizacao":"2026-04-24T16:02:13.337278-03:00","ip":"45.160.181.130","ultima_edicao":"2026-04-24T16:02:13.231195-03:00","tipo":8,"regime_tramitacao":1,"tipo_origem_externa":null,"local_origem_externa":null,"user":39,"anexadas":[],"autores":[80]}