{"id":19695,"__str__":"Indica\u00e7\u00e3o n\u00ba 393 de 2026","link_detail_backend":"/materia/19695","metadata":{},"numero":393,"ano":2026,"numero_protocolo":658,"data_apresentacao":"2026-04-27","tipo_apresentacao":"E","data_publicacao":null,"numero_origem_externa":"","ano_origem_externa":null,"data_origem_externa":null,"apelido":"","dias_prazo":null,"data_fim_prazo":null,"em_tramitacao":true,"polemica":false,"objeto":"","complementar":false,"ementa":"\"INDICA \u00c0 SENHORA PREFEITA QUE, POR MEIO DO SETOR COMPETENTE, SEJAM REALIZADAS MELHORIAS NA VENTILA\u00c7\u00c3O DO GIN\u00c1SIO FURTAD\u00c3O, BEM COMO A TROCA DOS VIDROS DAS JANELAS E A INSTALA\u00c7\u00c3O DE NOVAS JANELAS.\"","indexacao":"VENTILA\u00c7\u00c3O DO GIN\u00c1SIO FURTAD\u00c3O, BEM COMO A TROCA DOS VIDROS DAS JANELAS E A INSTALA\u00c7\u00c3O DE NOVAS JANELAS","observacao":"Melhorar as condi\u00e7\u00f5es de uso do gin\u00e1sio furtad\u00e3o, proporcionando maior conforto t\u00e9rmico e melhores condi\u00e7\u00f5es aos atletas que utilizam o local. As melhorias na ventila\u00e7\u00e3o contribuir\u00e3o para a circula\u00e7\u00e3o de ar e redu\u00e7\u00e3o do calor excessivo, enquanto a substitui\u00e7\u00e3o dos vidros e a instala\u00e7\u00e3o de novas janelas, especialmente nos vesti\u00e1rios, garantir\u00e3o melhor ventila\u00e7\u00e3o, ilumina\u00e7\u00e3o e conserva\u00e7\u00e3o do ambiente.","resultado":"","texto_original":null,"data_ultima_atualizacao":"2026-04-24T17:58:38.513339-03:00","ip":"45.160.181.130","ultima_edicao":"2026-04-24T17:58:38.413510-03:00","tipo":8,"regime_tramitacao":1,"tipo_origem_externa":null,"local_origem_externa":null,"user":39,"anexadas":[],"autores":[29]}