{"id":19696,"__str__":"Indica\u00e7\u00e3o n\u00ba 381 de 2026","link_detail_backend":"/materia/19696","metadata":{},"numero":381,"ano":2026,"numero_protocolo":686,"data_apresentacao":"2026-04-27","tipo_apresentacao":"E","data_publicacao":null,"numero_origem_externa":"","ano_origem_externa":null,"data_origem_externa":null,"apelido":"","dias_prazo":null,"data_fim_prazo":null,"em_tramitacao":true,"polemica":false,"objeto":"","complementar":false,"ementa":"''INDICA A SENHORA PREFEITA E AOS ORG\u00c3OS COMPETENTES O SERVI\u00c7O DE RECAPE ASF\u00c1LTICO NA RUA RIO DO OURO EM FRENTE AO N\u00daMERO 680 NO BAIRRO PARQUE LIMEIRA \u00c1REA 2''.","indexacao":"SERVI\u00c7O DE RECAPE ASF\u00c1LTICO NA RUA RIO DO OURO EM FRENTE AO N\u00daMERO 680 NO BAIRRO PARQUE LIMEIRA \u00c1REA 2","observacao":"A rua est\u00e1 danificada e precisa com urg\u00eancia de reparos.","resultado":"","texto_original":null,"data_ultima_atualizacao":"2026-04-24T16:08:26.688773-03:00","ip":"45.160.181.130","ultima_edicao":"2026-04-24T16:08:26.590338-03:00","tipo":8,"regime_tramitacao":1,"tipo_origem_externa":null,"local_origem_externa":null,"user":39,"anexadas":[],"autores":[80]}