{"id":3496,"__str__":"Emenda n\u00ba 3 de 2015","link_detail_backend":"/materia/3496","metadata":{},"numero":3,"ano":2015,"numero_protocolo":531,"data_apresentacao":"2015-04-06","tipo_apresentacao":"E","data_publicacao":null,"numero_origem_externa":"","ano_origem_externa":null,"data_origem_externa":null,"apelido":"","dias_prazo":null,"data_fim_prazo":null,"em_tramitacao":true,"polemica":false,"objeto":"","complementar":false,"ementa":"EMENDA N\u00ba 003/15, DE INICIATIVA DA COMISS\u00c3O DE ECONOMIA, OR\u00c7AMENTO, FINAN\u00c7AS E FISCALIZA\u00c7\u00c3O, QUE APRESENTA EMENDA MODIFICATIVA AO PROJETO DE LEI N\u00ba 006/15 DE AUTORIA DO PODER EXECUTIVO QUE &#8220;AUTORIZA A ABERTURA DE CR\u00c9DITO ADICIONAL ESPECIAL NA IMPORT\u00c2NCIA DE R$ 373.000,00&#8221;, PASSANDO O ARTIGO 1\u00ba A VIGORAR COM A SEGUINTE REDA\u00c7\u00c3O: \r\nART. 1\u00ba INALTERADO.\r\n\r\nFONTE 000 &#8211; RECURSO ORDIN\u00c1RIO LIVRE &#8211; EXERC\u00cdCIO ANTERIOR\r\nDESCRI\u00c7\u00c3O\tRECURSO\tVALOR\r\n08.00\tSECRETARIA MUNICIPAL DE OBRAS E SERVI\u00c7OS P\u00daBLICOS \t\t\r\n08.002\tDIVIS\u00c3O DE OBRAS\t\t\r\n04.244.0402.01069\tCONSTRU\u00c7\u00c3O DO CENTRO COMUNIT\u00c1RIO NO BAIRRO PARQUE LIMEIRA III\t\t\r\n\r\n4490.51.00.\t\r\nOBRAS E INSTALA\u00c7\u00d5ES\t\r\n000\t\r\n270.000,00\r\n\t\t\t\r\n08.00\tSECRETARIA MUNICIPAL DE OBRAS E SERVI\u00c7OS P\u00daBLICOS \t\t\r\n08.002\tDIVIS\u00c3O DE OBRAS\t\t\r\n04.244.0402.01070\tREFORMA E AMPLIA\u00c7\u00c3O DO CENTRO COMUNIT\u00c1RIO NO BAIRRO JARDIM BANDEIRANTES\t\t\r\n\r\n4490.51.00.\t\r\nOBRAS E INSTALA\u00c7\u00d5ES\t\r\n000\t\r\n103.000,00\r\nTOTAL DE SUPLEMENTA\u00c7\u00d5ES POR SUPER\u00c1VIT FINANCEIRO\t373.000,00\r\n\r\n      \r\n\r\n ","indexacao":"EMENDA MODIFICATIVA AO PROJETO DE LEI N\u00ba 006/15","observacao":"EMENDA N\u00ba 003/15, DE INICIATIVA DA COMISS\u00c3O DE ECONOMIA, OR\u00c7AMENTO, FINAN\u00c7AS E FISCALIZA\u00c7\u00c3O, QUE APRESENTA EMENDA MODIFICATIVA AO PROJETO DE LEI N\u00ba 006/15 DE AUTORIA DO PODER EXECUTIVO QUE &#8220;AUTORIZA A ABERTURA DE CR\u00c9DITO ADICIONAL ESPECIAL NA IMPORT\u00c2NCIA DE R$ 373.000,00&#8221;, PASSANDO O ARTIGO 1\u00ba A VIGORAR COM A SEGUINTE REDA\u00c7\u00c3O: \r\nART. 1\u00ba INALTERADO.\r\n\r\nFONTE 000 &#8211; RECURSO ORDIN\u00c1RIO LIVRE &#8211; EXERC\u00cdCIO ANTERIOR\r\nDESCRI\u00c7\u00c3O\tRECURSO\tVALOR\r\n08.00\tSECRETARIA MUNICIPAL DE OBRAS E SERVI\u00c7OS P\u00daBLICOS \t\t\r\n08.002\tDIVIS\u00c3O DE OBRAS\t\t\r\n04.244.0402.01069\tCONSTRU\u00c7\u00c3O DO CENTRO COMUNIT\u00c1RIO NO BAIRRO PARQUE LIMEIRA III\t\t\r\n\r\n4490.51.00.\t\r\nOBRAS E INSTALA\u00c7\u00d5ES\t\r\n000\t\r\n270.000,00\r\n\t\t\t\r\n08.00\tSECRETARIA MUNICIPAL DE OBRAS E SERVI\u00c7OS P\u00daBLICOS \t\t\r\n08.002\tDIVIS\u00c3O DE OBRAS\t\t\r\n04.244.0402.01070\tREFORMA E AMPLIA\u00c7\u00c3O DO CENTRO COMUNIT\u00c1RIO NO BAIRRO JARDIM BANDEIRANTES\t\t\r\n\r\n4490.51.00.\t\r\nOBRAS E INSTALA\u00c7\u00d5ES\t\r\n000\t\r\n103.000,00\r\nTOTAL DE SUPLEMENTA\u00c7\u00d5ES POR SUPER\u00c1VIT FINANCEIRO\t373.000,00\r\n\r\n      \r\n\r\n  JUSTIFICATIVA\r\n\r\n               MODIFICAR O N\u00daMERO DA DIVIS\u00c3O INDICADA NA TABELA DO ART. 1\u00ba QUE, NA REDA\u00c7\u00c3O ORIGINAL, ENCONTRA-SE INCORRETO.\r\nSALA DAS SESS\u00d5ES, 01 DE ABRIL DE 2015.\r\n\r\n\r\nRUBENS BENCK                            APARECIDA DE F\u00c1TIMA RIBEIRO FRAZA \r\n      PRESIDENTE                                           RELATORA                                                                                                                                                                                                                    \r\n\r\n\r\nNERI RAFAEL MANGONI\r\nVOGAL\r\n","resultado":"","texto_original":null,"data_ultima_atualizacao":"2019-03-21T09:43:19.376011-03:00","ip":"","ultima_edicao":null,"tipo":11,"regime_tramitacao":1,"tipo_origem_externa":null,"local_origem_externa":null,"user":null,"anexadas":[],"autores":[24]}