{"id":4080,"__str__":"Requerimento n\u00ba 142 de 2015","link_detail_backend":"/materia/4080","metadata":{},"numero":142,"ano":2015,"numero_protocolo":1210,"data_apresentacao":"2015-08-17","tipo_apresentacao":"E","data_publicacao":null,"numero_origem_externa":"","ano_origem_externa":null,"data_origem_externa":null,"apelido":"","dias_prazo":15,"data_fim_prazo":"2015-09-03","em_tramitacao":false,"polemica":false,"objeto":"","complementar":false,"ementa":"\"REQUER DO SENHOR PREFEITO MUNICIPAL QUE, NO PRAZO QUE A LEI DETERMINA, INFORME A ESTA CASA DE LEIS: 1) ATRAV\u00c9S DA  INDICA\u00c7\u00c3O N\u00ba 912/13, DE 21/10/2013, SOLICITAMOS A REVITALIZA\u00c7\u00c3O DA PRA\u00c7A PASTOR PEDRO CORTEZ (BRINQUEDOS ESTRAGADOS E LIXEIRAS QUEBRADAS) N\u00c3O FOMOS ATENDIDOS; 2) HOJE AS NECESSIDADES AUMENTARAM POIS O BANHEIRO EST\u00c1 SEM NENHUMA CONDI\u00c7\u00c3O DE USO: VASOS SANIT\u00c1RIOS QUEBRADOS E ENTUPIDOS, TORNEIRA QUEBRADA, FALTA DE \u00c1GUA, FALTA DE PESSOAL PARA CUIDAR DA PRA\u00c7A E REALIZAR MANUTEN\u00c7\u00c3O DA LIMPEZA; 3) POR SER DE USO P\u00daBLICO, A FREQU\u00caNCIA DE CRIAN\u00c7AS E PAIS \u00c9 RAZO\u00c1VEL, PARA MELHOR ATEND\u00ca-LOS ESTAMOS REQUERENDO A REVITALIZA\u00c7\u00c3O DA MESMA; 4) CASO N\u00c3O SEJA POSS\u00cdVEL O ATENDIMENTO, JUSTIFICAR O MOTIVO\".\r\n                                                ","indexacao":"PRA\u00c7A PASTOR PEDRO CORTEZ ","observacao":"&#8220;REQUER DO SENHOR PREFEITO MUNICIPAL QUE, NO PRAZO QUE A LEI DETERMINA,  INFORME A ESTA CASA DE LEIS:  1) ATRAV\u00c9S DA  INDICA\u00c7\u00c3O N.\u00ba 912/13, DE 21/10/2013, SOLICITAMOS A REVITALIZA\u00c7\u00c3O DA PRA\u00c7A PASTOR PEDRO CORTEZ (BRINQUEDOS ESTRAGADOS E LIXEIRAS QUEBRADAS) N\u00c3O FOMOS ATENDIDOS; 2) HOJE AS NECESSIDADES AUMENTARAM POIS O BANHEIRO EST\u00c1 SEM NENHUMA CONDI\u00c7\u00c3O DE USO: VAZOS QUEBRADOS E ENTUPIDOS, TORNEIRA QUEBRADA, FALTA DE \u00c1GUA E ALGU\u00c9M PARA CUIDAR DA PRA\u00c7A E MANUTEN\u00c7\u00c3O DA LIMPEZA; 3) POR SER DE USO P\u00daBLICO, A FREQU\u00caNCIA DE CRIAN\u00c7AS E PAIS \u00c9 RAZO\u00c1VEL, PARA MELHOR ATEND\u00ca-LOS ESTAMOS REQUERENDO  A REVITALIZA\u00c7\u00c3O DA MESMA E   4)\r\nCASO N\u00c3O SEJA POSS\u00cdVEL O ATENDIMENTO, JUSTIFICAR O MOTIVO.\r\n\r\n                                                  JUSTIFICATIVA \r\n\r\nPREOCUPADOS COM A SITUA\u00c7\u00c3O DA PRA\u00c7A (VER FOTOS EM ANEXO) ESTAMOS ENCAMINHANDO ESTE, REQUERENDO O ATENDIMENTO AO SOLICITADO, COM O PROP\u00d3SITO DE RESPONDERMOS AOS USU\u00c1RIOS QUE NOS PROCURAM PEDINDO AS MELHORIAS ACIMA.\r\n","resultado":"","texto_original":"http://sapl.telemacoborba.pr.leg.br/media/sapl/public/materialegislativa/2015/4080/4080_texto_integral.pdf","data_ultima_atualizacao":"2019-03-21T09:43:58.779525-03:00","ip":"","ultima_edicao":null,"tipo":3,"regime_tramitacao":1,"tipo_origem_externa":null,"local_origem_externa":null,"user":null,"anexadas":[],"autores":[31]}