{"id":4477,"__str__":"Emenda n\u00ba 14 de 2015","link_detail_backend":"/materia/4477","metadata":{},"numero":14,"ano":2015,"numero_protocolo":null,"data_apresentacao":"2015-11-30","tipo_apresentacao":"","data_publicacao":null,"numero_origem_externa":"","ano_origem_externa":null,"data_origem_externa":null,"apelido":"","dias_prazo":null,"data_fim_prazo":null,"em_tramitacao":true,"polemica":null,"objeto":"","complementar":null,"ementa":"EMENDA N\u00ba 014/15 DE INICIATIVA DE TODOS OS VEREADORES QUE APRESENTAM EMENDA MODIFICATIVA AO PROJETO DE LEI N\u00ba 051/2015, LEI OR\u00c7AMENTARIA, DA SEGUINTE FORMA: \"MODIFIQUE-SE O CONTIDO NA P\u00c1GINA 27 DO ANEXO EM QUE CONSTA A CARACTERIZA\u00c7\u00c3O DE OBJETIVOS E NA P\u00c1GINA 35 DO PROGRAMA DE TRABALHO &#8211; ANEXO 06 DA LEI 4.320/64.\" - EMENDA CONSTRU\u00c7\u00c3O E REFORMA DE CENTROS COMUNIT\u00c1RIOS.","indexacao":"EMENDA LEI OR\u00c7AMENT\u00c1RIA","observacao":"","resultado":"","texto_original":"http://sapl.telemacoborba.pr.leg.br/media/sapl/public/materialegislativa/2015/4477/4477_texto_integral.pdf","data_ultima_atualizacao":"2019-03-21T09:44:10.050394-03:00","ip":"","ultima_edicao":null,"tipo":11,"regime_tramitacao":5,"tipo_origem_externa":null,"local_origem_externa":null,"user":null,"anexadas":[],"autores":[41]}