{"id":7008,"__str__":"Requerimento n\u00ba 204 de 2017","link_detail_backend":"/materia/7008","metadata":{},"numero":204,"ano":2017,"numero_protocolo":1555,"data_apresentacao":"2017-09-04","tipo_apresentacao":"E","data_publicacao":null,"numero_origem_externa":"","ano_origem_externa":null,"data_origem_externa":null,"apelido":"","dias_prazo":null,"data_fim_prazo":null,"em_tramitacao":false,"polemica":false,"objeto":"","complementar":false,"ementa":"\"REQUER DO SENHOR PREFEITO MUNICIPAL, QUE INFORME A ESTA CASA DE LEIS AS SEGUINTES INFORMA\u00c7\u00d5ES: EM RELA\u00c7\u00c3O \u00c0S VAGAS DOS CEMEIS: 1) COMO ENCONTRAVA-SE NO IN\u00cdCIO DA GEST\u00c3O A FILA DE ESPERA E ATUALMENTE COMO ENCONTRA-SE? 2) QUANTAS CRIAN\u00c7AS EST\u00c3O AGUARDANDO VAGAS? NA DATA DE HOJE COMO EST\u00c1 A SITUA\u00c7\u00c3O DA FILA E O TEMPO ESTIMADO DE ESPERA E PERSPECTIVA DE CHAMAMENTO? ENCAMINHAR RELAT\u00d3RIO CONSTANDO NOME E POSI\u00c7\u00c3O NA FILA DE ESPERA DE CADA CRIAN\u00c7A EM CADA CEMEIS; 3) SEGUNDO INFORMA\u00c7\u00c3O REPASSADA A ESSA CASA DE LEIS QUE A FILA REDUZIU 50%, GOSTAR\u00cdAMOS DE SABER QUAL FATOR DETERMINANTE FOI UTILIZADO PARA QUE ISSO OCORRESSE, J\u00c1 QUE, POR DIVERSAS VEZES FOI COMENTADO QUE SOMENTE SERIA POSS\u00cdVEL AUMENTAR O N\u00daMERO DE VAGAS COM INAUGURA\u00c7\u00c3O DE NOVOS CEMEIS, E AT\u00c9 ONDE SABEMOS NENHUM CEMEI AINDA FOI INAUGURADO\".","indexacao":"","observacao":"REQUERIMENTO N\u00b0 029/2017\r\n\r\nA VEREADORA QUE ABAIXO SUBSCREVE, NO USO DE SUAS PRERROGATIVAS REGIMENTAIS, &#8220;REQUER DO SENHOR PREFEITO MUNICIPAL, QUE INFORME A ESTA CASA DE LEIS SEGUINTES INFORMA\u00c7\u00d5ES: EM RELA\u00c7\u00c3O AS VAGAS DOS CEMEIS: 1- COMO ENCONTRAVA-SE NO IN\u00cdCIO DA GEST\u00c3O A FILA DE ESPERA E ATUALMENTE COMO ENCONTRA-SE? 2- QUANTAS CRIAN\u00c7AS EST\u00c3O AGUARDANDO VAGAS? NA DATA DE HOJE COMO EST\u00c1 A SITUA\u00c7\u00c3O DA FILA?, TEMPO ESTIMADO DE ESPERA E PERSPECTIVA DE CHAMAMENTO? ENCAMINHAR RELAT\u00d3RIO CONSTANDO NOME E POSI\u00c7\u00c3O NA FILA DE ESPERA DE CADA CRIAN\u00c7A EM CADA CEMEIS ; 3- SEGUNDO INFORMA\u00c7\u00c3O REPASSADA A ESSA CASA DE LEIS, UM NOBRE VEREADOR QUE A FILA REDUZIU 50%, 4- GOSTAR\u00cdAMOS DE SABER QUAL FATOR DETERMINANTE FOI UTILIZADO PARA QUE ISSO OCORRESSE , J\u00c1 QUE, POR DIVERSAS VEZES FOI COMENTADO QUE SOMENTE SERIA POSS\u00cdVEL AUMENTAR O NUMERO DE VAGAS COM INAUGURA\u00c7\u00c3O DE NOVOS CEMEIS, E ATE ONDE SABEMOS NENHUM CEMEIS  AINDA FOI INAUGURADO. \r\n\r\nJUSTIFICATIVA\r\n\r\nMUITAS SOLICITA\u00c7\u00d5ES DE M\u00c3ES QUE ESPERAM VAGAS NOS CEMEIS E DIANTE DISSO PARA PODERMOS DAR RESPOSTAS E EXPLICA\u00c7\u00d5ES, JUSTIFICAMOS NOSSO REQUERIMENTO.\r\n\r\nSALA DAS SESS\u00d5ES, __ DE _________ DE 2017.\r\n\r\n\r\nELISANGELA RESENDE SALDIVAR\r\nVEREADORA\r\n","resultado":"","texto_original":"http://sapl.telemacoborba.pr.leg.br/media/sapl/public/materialegislativa/2017/7008/7008_texto_integral.pdf","data_ultima_atualizacao":"2019-03-21T09:43:59.551078-03:00","ip":"","ultima_edicao":null,"tipo":3,"regime_tramitacao":1,"tipo_origem_externa":null,"local_origem_externa":null,"user":null,"anexadas":[],"autores":[51]}