{"id":7729,"__str__":"Indica\u00e7\u00e3o n\u00ba 117 de 2018","link_detail_backend":"/materia/7729","metadata":{},"numero":117,"ano":2018,"numero_protocolo":2501,"data_apresentacao":"2018-02-26","tipo_apresentacao":"E","data_publicacao":null,"numero_origem_externa":"","ano_origem_externa":null,"data_origem_externa":null,"apelido":"","dias_prazo":null,"data_fim_prazo":null,"em_tramitacao":true,"polemica":false,"objeto":"","complementar":false,"ementa":"&#8220;INDICA AO SENHOR PREFEITO PARA QUE DETERMINE AO \u00d3RG\u00c3O COMPETENTE DA MUNICIPALIDADE QUE REALIZE UM ESTUDO EM RELA\u00c7\u00c3O \u00c0 NECESSIDADE DA MANUTEN\u00c7\u00c3O NA FAIXA DE PEDESTRE, E T\u00c3O LOGO QUANTO POSS\u00cdVEL A INSTALA\u00c7\u00c3O DE UMA FAIXA ELEVADA DE PEDESTRE NA AVENIDA MARECHAL FLORIANO PEIXOTO, FRENTE \u00c0 AUTOESCOLA NATIVA.&#8221; ","indexacao":"MANUTEN\u00c7\u00c3O NA FAIXA DE PEDESTRE, E T\u00c3O LOGO QUANTO POSS\u00cdVEL A INSTALA\u00c7\u00c3O DE UMA FAIXA ELEVADA DE PEDESTRE NA AVENIDA MARECHAL FLORIANO PEIXOTO, FRENTE \u00c0 AUTOESCOLA NATIVA ","observacao":"Faz-se necess\u00e1rio a manuten\u00e7\u00e3o da faixa  de pedestre, o que vem confundindo os motoristas e pedestres, visto que no local tem duas faixas apagadas, o que pode ocasionar acidentes com os pedestres. Na coloca\u00e7\u00e3o de faixa de sinaliza\u00e7\u00e3o e elevada vai melhorar o tr\u00e2nsito, trazendo maiores comodidades aos que trafegam na localidade.","resultado":"","texto_original":"http://sapl.telemacoborba.pr.leg.br/media/sapl/public/materialegislativa/2018/7729/7729_texto_integral.pdf","data_ultima_atualizacao":"2019-03-21T09:44:06.895012-03:00","ip":"","ultima_edicao":null,"tipo":8,"regime_tramitacao":1,"tipo_origem_externa":null,"local_origem_externa":null,"user":null,"anexadas":[],"autores":[50]}