{"id":7736,"__str__":"Indica\u00e7\u00e3o n\u00ba 122 de 2018","link_detail_backend":"/materia/7736","metadata":{},"numero":122,"ano":2018,"numero_protocolo":2513,"data_apresentacao":"2018-03-05","tipo_apresentacao":"E","data_publicacao":null,"numero_origem_externa":"","ano_origem_externa":null,"data_origem_externa":null,"apelido":"","dias_prazo":null,"data_fim_prazo":null,"em_tramitacao":true,"polemica":false,"objeto":"","complementar":false,"ementa":"&#8220;INDICA AO SENHOR PREFEITO PARA QUE JUNTO AO \u00d3RG\u00c3O COMPETENTE REALIZE O SERVI\u00c7O DE RECAPE ASF\u00c1LTICO NA RUA RIO DO OURO E RUA DOS FRAN\u00c7AS &#8211; PARQUE LIMEIRA \u00c1REA II&#8221;.","indexacao":"RECAPE ASF\u00c1LTICO NA RUA RIO DO OURO E RUA DOS FRAN\u00c7AS &#8211; PARQUE LIMEIRA \u00c1REA II","observacao":"O pedido foi realizado por moradores que aguardam esta melhoria, pois algumas ruas do Bairro receberam o recape e estas ainda n\u00e3o e encontram-se em p\u00e9ssimas condi\u00e7\u00f5es.","resultado":"","texto_original":"http://sapl.telemacoborba.pr.leg.br/media/sapl/public/materialegislativa/2018/7736/7736_texto_integral.pdf","data_ultima_atualizacao":"2019-03-21T09:44:04.912984-03:00","ip":"","ultima_edicao":null,"tipo":8,"regime_tramitacao":1,"tipo_origem_externa":null,"local_origem_externa":null,"user":null,"anexadas":[],"autores":[23]}