{"id":7740,"__str__":"Indica\u00e7\u00e3o n\u00ba 125 de 2018","link_detail_backend":"/materia/7740","metadata":{},"numero":125,"ano":2018,"numero_protocolo":2527,"data_apresentacao":"2018-03-05","tipo_apresentacao":"E","data_publicacao":null,"numero_origem_externa":"","ano_origem_externa":null,"data_origem_externa":null,"apelido":"","dias_prazo":null,"data_fim_prazo":null,"em_tramitacao":true,"polemica":false,"objeto":"","complementar":false,"ementa":"&#8220;INDICA AO SENHOR PREFEITO PARA QUE JUNTO AO \u00d3RG\u00c3O COMPETENTE PROVIDENCIE A INSTALA\u00c7\u00c3O DE UM REDUTOR DE VELOCIDADE NA RUA SALTO DA CONCEI\u00c7\u00c3O EM FRENTE AO 327 (PR\u00d3XIMO AO EDIF\u00cdCIO MAU\u00c1) PARQUE LIMEIRA \u00c1REA II\".","indexacao":"INSTALA\u00c7\u00c3O DE UM REDUTOR DE VELOCIDADE NA RUA SALTO DA CONCEI\u00c7\u00c3O EM FRENTE AO 327 (PR\u00d3XIMO AO EDIF\u00cdCIO MAU\u00c1) PARQUE LIMEIRA \u00c1REA II","observacao":"Pedido feito por morador, pois a Rua fica entre a Rua Prata e a Rua Mina de Carv\u00e3o, todas estas de m\u00e3o dupla, e os ve\u00edculos transitam em alta velocidade colocando em risco principalmente crian\u00e7as que geralmente brincam nas ruas. A instala\u00e7\u00e3o de um redutor de velocidade diminuiria consideravelmente o perigo e estar\u00edamos evitando futuros transtornos.","resultado":"","texto_original":"http://sapl.telemacoborba.pr.leg.br/media/sapl/public/materialegislativa/2018/7740/7740_texto_integral.pdf","data_ultima_atualizacao":"2019-03-21T09:44:07.980455-03:00","ip":"","ultima_edicao":null,"tipo":8,"regime_tramitacao":1,"tipo_origem_externa":null,"local_origem_externa":null,"user":null,"anexadas":[],"autores":[23]}