{"id":7823,"__str__":"Indica\u00e7\u00e3o n\u00ba 196 de 2018","link_detail_backend":"/materia/7823","metadata":{},"numero":196,"ano":2018,"numero_protocolo":2611,"data_apresentacao":"2018-03-19","tipo_apresentacao":"E","data_publicacao":null,"numero_origem_externa":"","ano_origem_externa":null,"data_origem_externa":null,"apelido":"","dias_prazo":null,"data_fim_prazo":null,"em_tramitacao":true,"polemica":false,"objeto":"","complementar":false,"ementa":"\"INDICA AO SENHOR PREFEITO QUE SOLICITE AOS \u00d3RG\u00c3OS COMPETENTES DA MUNICIPALIDADE, A POSSIBILIDADE DE OFERTAR \u00c0S CRIAN\u00c7AS DO ENSINO P\u00daBLICO MUNICIPAL CAF\u00c9 DA MANH\u00c3&#8221;.  ","indexacao":" OFERTAR \u00c0S CRIAN\u00c7AS DO ENSINO P\u00daBLICO MUNICIPAL CAF\u00c9 DA MANH\u00c3","observacao":"Considerando que muitas crian\u00e7as t\u00eam condi\u00e7\u00f5es socioecon\u00f4micas menos favorecidas o caf\u00e9 da manh\u00e3 nas escolas n\u00e3o representa um luxo, mas sim, uma necessidade para muitas crian\u00e7as que ter\u00e3o sua primeira alimenta\u00e7\u00e3o ap\u00f3s v\u00e1rias horas de jejum. Visando tamb\u00e9m melhorar a nutri\u00e7\u00e3o das crian\u00e7as para que o aprendizado seja completo, pois a falta de alimenta\u00e7\u00e3o deixa a crian\u00e7a desmotivada e ap\u00e1tica, diminuir o mal-estar causado pela falta de alimenta\u00e7\u00e3o e atraso escolar fazendo com que as crian\u00e7as cheguem mais cedo para tomar o caf\u00e9, sendo j\u00e1 comprovado em outros munic\u00edpios, como uma boa pr\u00e1tica que reduz a evas\u00e3o escolar.","resultado":"","texto_original":"http://sapl.telemacoborba.pr.leg.br/media/sapl/public/materialegislativa/2018/7823/7823_texto_integral.pdf","data_ultima_atualizacao":"2019-03-21T09:44:07.734742-03:00","ip":"","ultima_edicao":null,"tipo":8,"regime_tramitacao":1,"tipo_origem_externa":null,"local_origem_externa":null,"user":null,"anexadas":[],"autores":[51]}