{"id":7849,"__str__":"Indica\u00e7\u00e3o n\u00ba 210 de 2018","link_detail_backend":"/materia/7849","metadata":{},"numero":210,"ano":2018,"numero_protocolo":2646,"data_apresentacao":"2018-03-19","tipo_apresentacao":"E","data_publicacao":null,"numero_origem_externa":"","ano_origem_externa":null,"data_origem_externa":null,"apelido":"","dias_prazo":null,"data_fim_prazo":null,"em_tramitacao":true,"polemica":false,"objeto":"","complementar":false,"ementa":"\"INDICA AO SENHOR PREFEITO QUE DETERMINE AO SETOR COMPETENTE PARA QUE SEJA INCLUSO NO OR\u00c7AMENTO PAVIMENTA\u00c7\u00c3O ASF\u00c1LTICA NA RUA PRA\u00c7A DO FAROL, BAIRRO JARDIM KROLL&#8221;.","indexacao":"PAVIMENTA\u00c7\u00c3O ASF\u00c1LTICA NA RUA PRA\u00c7A DO FAROL, BAIRRO JARDIM KROLL","observacao":"A referida rua \u00e9 a \u00fanica daquele bairro que n\u00e3o se encontra no or\u00e7amento para pavimenta\u00e7\u00e3o asf\u00e1ltica, sendo assim se faz necess\u00e1rio a inclus\u00e3o da mesma.","resultado":"","texto_original":"http://sapl.telemacoborba.pr.leg.br/media/sapl/public/materialegislativa/2018/7849/7849_texto_integral.pdf","data_ultima_atualizacao":"2019-03-21T09:44:01.853093-03:00","ip":"","ultima_edicao":null,"tipo":8,"regime_tramitacao":1,"tipo_origem_externa":null,"local_origem_externa":null,"user":null,"anexadas":[],"autores":[58]}