{"id":7909,"__str__":"Indica\u00e7\u00e3o n\u00ba 254 de 2018","link_detail_backend":"/materia/7909","metadata":{},"numero":254,"ano":2018,"numero_protocolo":2733,"data_apresentacao":"2018-04-02","tipo_apresentacao":"E","data_publicacao":null,"numero_origem_externa":"","ano_origem_externa":null,"data_origem_externa":null,"apelido":"","dias_prazo":null,"data_fim_prazo":null,"em_tramitacao":true,"polemica":false,"objeto":"","complementar":false,"ementa":"&#8220;INDICA AO SENHOR PREFEITO PARA QUE JUNTO AO \u00d3RG\u00c3O COMPETENTE REALIZE A PADRONIZA\u00c7\u00c3O DAS LOMBADAS NA RUA ALECRIM E BLUMENAU, E PINTURA DE FAIXA DE SINALIZA\u00c7\u00c3O NA RUA BLUMENAU NO BAIRRO \u00c1REA 1&#8221;.","indexacao":"PADRONIZA\u00c7\u00c3O DAS LOMBADAS NA RUA ALECRIM E BLUMENAU, E PINTURA DE FAIXA DE SINALIZA\u00c7\u00c3O NA RUA BLUMENAU NO BAIRRO \u00c1REA 1","observacao":"Pedido feito por moradores, APMF da escola Municipal Dom Pedro l e Escola Estadual Jos\u00e9 de Anchieta e dire\u00e7\u00e3o da Escola Pequeno Cientista, pois devido ao recapeamento e ao fluxo intenso de ve\u00edculos e crian\u00e7as, h\u00e1 a necessidade de adequa\u00e7\u00e3o da lombada e pintura para sinaliza\u00e7\u00e3o de estacionamento com a faixa amarela no lado esquerdo da pista. J\u00e1 h\u00e1 relatos de acidentes entre carros e crian\u00e7as no hor\u00e1rio de entrada e sa\u00edda das escolas.","resultado":"","texto_original":"http://sapl.telemacoborba.pr.leg.br/media/sapl/public/materialegislativa/2018/7909/7909_texto_integral.pdf","data_ultima_atualizacao":"2019-03-21T09:44:03.493561-03:00","ip":"","ultima_edicao":null,"tipo":8,"regime_tramitacao":1,"tipo_origem_externa":null,"local_origem_externa":null,"user":null,"anexadas":[],"autores":[23]}