{"id":7928,"__str__":"Indica\u00e7\u00e3o n\u00ba 269 de 2018","link_detail_backend":"/materia/7928","metadata":{},"numero":269,"ano":2018,"numero_protocolo":2731,"data_apresentacao":"2018-04-02","tipo_apresentacao":"E","data_publicacao":null,"numero_origem_externa":"","ano_origem_externa":null,"data_origem_externa":null,"apelido":"","dias_prazo":null,"data_fim_prazo":null,"em_tramitacao":true,"polemica":false,"objeto":"","complementar":false,"ementa":"&#8220;INDICA AO SENHOR PREFEITO QUE DETERMINE AO \u00d3RG\u00c3O COMPETENTE QUE EFETUE O SERVI\u00c7O DE MANUTEN\u00c7\u00c3O EM CAL\u00c7ADAS DANIFICADAS, NA AVENIDA CHANCELER HOR\u00c1CIO LAFFER, CENTRO PR\u00d3XIMO AO LABORAT\u00d3RIO PLAT\u00d4 E ALGUMAS CLINICAS M\u00c9DICAS\".","indexacao":"MANUTEN\u00c7\u00c3O EM CAL\u00c7ADAS DANIFICADAS, NA AVENIDA CHANCELER HOR\u00c1CIO LAFFER, CENTRO PR\u00d3XIMO AO LABORAT\u00d3RIO PLAT\u00d4 E ALGUMAS CLINICAS M\u00c9DICAS","observacao":"Os moradores reclamam da m\u00e1 conserva\u00e7\u00e3o das cal\u00e7adas de passeio est\u00e3o todas danificadas, sem acessibilidade dificultando os pedestres e cadeirantes a ter acesso nas clinicas e laborat\u00f3rio.","resultado":"","texto_original":"http://sapl.telemacoborba.pr.leg.br/media/sapl/public/materialegislativa/2018/7928/7928_texto_integral.pdf","data_ultima_atualizacao":"2019-03-21T09:44:01.939430-03:00","ip":"","ultima_edicao":null,"tipo":8,"regime_tramitacao":1,"tipo_origem_externa":null,"local_origem_externa":null,"user":null,"anexadas":[],"autores":[59]}