{"id":7932,"__str__":"Indica\u00e7\u00e3o n\u00ba 272 de 2018","link_detail_backend":"/materia/7932","metadata":{},"numero":272,"ano":2018,"numero_protocolo":2714,"data_apresentacao":"2018-04-02","tipo_apresentacao":"E","data_publicacao":null,"numero_origem_externa":"","ano_origem_externa":null,"data_origem_externa":null,"apelido":"","dias_prazo":null,"data_fim_prazo":null,"em_tramitacao":true,"polemica":false,"objeto":"","complementar":false,"ementa":"\"INDICA AO SENHOR PREFEITO QUE DETERMINE AO SETOR COMPETENTE PARA QUE SEJA INCLU\u00cdDO NO OR\u00c7AMENTO DO MUNIC\u00cdPIO O RECAPE ASF\u00c1LTICO DA RUA PAULO WROBLESWSKI E GON\u00c7ALVES DIAS NO BAIRRO BONA VILA&#8221;.  ","indexacao":"RECAPE ASF\u00c1LTICO DA RUA PAULO WROBLESWSKI E GON\u00c7ALVES DIAS NO BAIRRO BONA VILA  ","observacao":"Visto que as outras demais ruas da sua redondeza encontra-se j\u00e1 no or\u00e7amento do munic\u00edpio, por isso se faz necess\u00e1rio a inclus\u00e3o da mesma.","resultado":"","texto_original":"http://sapl.telemacoborba.pr.leg.br/media/sapl/public/materialegislativa/2018/7932/7932_texto_integral.pdf","data_ultima_atualizacao":"2019-03-21T09:44:09.683592-03:00","ip":"","ultima_edicao":null,"tipo":8,"regime_tramitacao":1,"tipo_origem_externa":null,"local_origem_externa":null,"user":null,"anexadas":[],"autores":[58]}