{"id":8526,"__str__":"Parecer n\u00ba 73 de 2018","link_detail_backend":"/materia/8526","metadata":{},"numero":73,"ano":2018,"numero_protocolo":3338,"data_apresentacao":"2018-08-13","tipo_apresentacao":"E","data_publicacao":null,"numero_origem_externa":"","ano_origem_externa":null,"data_origem_externa":null,"apelido":"","dias_prazo":null,"data_fim_prazo":null,"em_tramitacao":true,"polemica":false,"objeto":"","complementar":false,"ementa":"COMISS\u00c3O DE LEGISLA\u00c7\u00c3O, JUSTI\u00c7A E REDA\u00c7\u00c3O, PARECER AO PROJETO DE LEI ORDIN\u00c1RIA N\u00ba 031/2018, DE INICIATIVA DO PODER EXECUTIVO, MENSAGEM N\u00ba 036 DE 13 DE JULHO DE 2018, QUE \"AUTORIZA A ABERTURA DE CR\u00c9DITO ADICIONAL SUPLEMENTAR NA IMPORT\u00c2NCIA DE R$ 3.465.000,00\".\r\n","indexacao":"","observacao":"PARECER N\u00ba 031/2018\r\nPROJETO DE LEI ORDIN\u00c1RIA N\u00ba 031/2018\r\n\r\nAUTOR: PODER EXECUTIVO MUNICIPAL\r\n\r\nS\u00daMULA: &#8220;AUTORIZA A ABERTURA DE CR\u00c9DITO ADICIONAL SUPLEMENTAR NA IMPORT\u00c2NCIA DE R$ 3.465.000,00.&#8221;\r\n\r\nPARECER\r\n\r\nTRATA-SE DE PROJETO DE LEI ENCAMINHADO PELO SENHOR PREFEITO MUNICIPAL, SOLICITANDO DESTA CASA DE LEIS AUTORIZA\u00c7\u00c3O PARA ABERTURA DE CR\u00c9DITO ADICIONAL SUPLEMENTAR NO VALOR DE R$ 3.465.000,00 (TR\u00caS MILH\u00d5ES, QUATROCENTOS E SESSENTA E CINCO MIL REAIS), PARA REFOR\u00c7O DAS DOTA\u00c7\u00d5ES OR\u00c7AMENT\u00c1RIAS, E ATENDER \u00c0S DESPESAS COM A MANUTEN\u00c7\u00c3O DAS ATIVIDADES DA SECRETARIA MUNICIPAL DE OBRAS E SERVI\u00c7OS P\u00daBLICOS.\r\n\r\nCABE \u00c0 COMISS\u00c3O DE LEGISLA\u00c7\u00c3O APENAS EXAMINAR A MENSAGEM SOB O PONTO DE VISTA LEGAL, OU SEJA, EM ATEN\u00c7\u00c3O \u00c0S DISPOSI\u00c7\u00d5ES DA LEGISLA\u00c7\u00c3O FEDERAL E DA LEI ORG\u00c2NICA DO MUNIC\u00cdPIO.\r\n\r\nDO PARECER\r\n\r\nN\u00c3O EXISTE NENHUM \u00d3BICE PARA QUE SEJA ENCAMINHADO AO PLEN\u00c1RIO PARA APRECIA\u00c7\u00c3O E DELIBERA\u00c7\u00c3O DOS SENHORES VEREADORES AP\u00d3S CONSIDERA\u00c7\u00c3O E PARECER DA COMISS\u00c3O DE FINAN\u00c7AS.\r\n\r\n\u00c9 O PARECER.\r\n\r\nTEL\u00caMACO BORBA, 01 DE AGOSTO DE 2018.\r\n\r\nHAMILTON APARECIDO MACHADO\r\nRELATOR\r\n\r\nMARCOS ROG\u00c9RIO DA SILVA MELLO\r\nPRESIDENTE\r\n\r\n\u00c9LIO CESAR ALVES DOS SANTOS\r\nVOGAL\r\n","resultado":"","texto_original":null,"data_ultima_atualizacao":"2019-03-21T09:43:20.008414-03:00","ip":"","ultima_edicao":null,"tipo":10,"regime_tramitacao":1,"tipo_origem_externa":null,"local_origem_externa":null,"user":null,"anexadas":[],"autores":[29]}