{"id":7805,"__str__":"Projeto de Lei Complementar n\u00ba 21 de 2023 | Aut\u00f3grafo Encaminhado para San\u00e7\u00e3o/ Prefeito | 15/12/2023","link_detail_backend":"/materia/tramitacao/7805","metadata":{},"timestamp":"2024-01-15T13:54:47.631153-03:00","data_tramitacao":"2023-12-15","data_encaminhamento":null,"urgente":true,"turno":"","texto":"Aut\u00f3grafo encaminhado atrav\u00e9s do Of\u00edcio N\u00ba 139/2023-SA-DL em 15/12/2023.","data_fim_prazo":null,"ip":"45.160.181.130","ultima_edicao":"2024-01-15T13:54:35.404775-03:00","status":51,"materia":15809,"unidade_tramitacao_local":6,"unidade_tramitacao_destino":8,"user":36}