{"id":969,"__str__":"Emenda n\u00ba 6 de 2016 | Proposi\u00e7\u00e3o inclusa na Ordem do Dia | 30/06/2016","link_detail_backend":"/materia/tramitacao/969","metadata":{},"timestamp":"2019-03-21T09:43:29.772329-03:00","data_tramitacao":"2016-06-30","data_encaminhamento":null,"urgente":false,"turno":"U","texto":"Sess\u00e3o Plen\u00e1ria Extraordin\u00e1ria em 30/06/2.016.","data_fim_prazo":null,"ip":"","ultima_edicao":null,"status":3,"materia":5330,"unidade_tramitacao_local":6,"unidade_tramitacao_destino":6,"user":null}